{"id":9946,"date":"2023-05-17T10:37:56","date_gmt":"2023-05-17T08:37:56","guid":{"rendered":"https:\/\/es.areas.com\/?p=9946"},"modified":"2023-06-02T09:50:04","modified_gmt":"2023-06-02T07:50:04","slug":"areas-lanza-una-campana-de-redondeo-solidario-para-investigar-el-cancer-infantil-en-sant-joan-de-deu","status":"publish","type":"post","link":"https:\/\/es.areas.com\/es\/noticias\/areas-lanza-una-campana-de-redondeo-solidario-para-investigar-el-cancer-infantil-en-sant-joan-de-deu\/","title":{"rendered":"Areas lanza una campa\u00f1a de Redondeo Solidario para investigar el c\u00e1ncer infantil en Sant Joan de D\u00e9u  \u00a0"},"content":{"rendered":"<p><strong>M\u00e1s de 300 establecimientos de la compa\u00f1\u00eda ofrecer\u00e1n a sus clientes donar los c\u00e9ntimos de euro restantes, hasta redondear la compra, a beneficio del SJD Pedriatic Cancer Center de Barcelona.<\/strong><\/p>\n<p><strong>Barcelona, 4 de mayo de 2023<\/strong><\/p>\n<p>Areas, l\u00edder en restauraci\u00f3n en el mundo de los viajes, con sede mundial en Barcelona, ha iniciado este mes una campa\u00f1a de redondeo solidario en m\u00e1s de 300 establecimientos de toda Espa\u00f1a, ubicados en aeropuertos, autopistas y estaciones de tren.<\/p>\n<p>A trav\u00e9s de la plataforma de Worldcoo, de forma muy sencilla, los clientes de Areas podr\u00e1n donar los c\u00e9ntimos de euro restantes hasta redondear la compra a beneficio de la investigaci\u00f3n del c\u00e1ncer infantil que realizan los profesionales del laboratorio de investigaci\u00f3n del SJD Pediatric Cancer Center Barcelona, el centro oncol\u00f3gio del \u00a0Hospital San Joan de D\u00e9u \u00a0Barcelona.<\/p>\n<p>Mireya Mu\u00f1oz, directora de Marketing y Expansi\u00f3n de Areas Iberia, ha puesto de manifiesto la necesidad de emprender este tipo de acciones solidarias, imprescindibles para avanzar en el conocimiento y la cura de esta enfermedad que afecta cada a\u00f1o en Espa\u00f1a a 1.200 nuevos ni\u00f1os. Mu\u00f1oz ha a\u00f1adido que \u201cnuestro objetivo es llegar a recaudar 100.000\u20ac desde el mes de abril y hasta que finalice la acci\u00f3n a finales de a\u00f1o. A d\u00eda de hoy, ya llevamos recaudados 30.000\u20ac, por lo que creemos que el objetivo de llegar a los 100.000\u20ac ser\u00e1 m\u00e1s que superado\u201d.<\/p>\n<p>Por otro lado, durante este mes vamos a poner en marcha el men\u00fa infantil solidario en las \u00e1reas de servicio de autopistas. El 50% de las ventas de estos men\u00fas solidarios ir\u00e1n destinados a la misma causa; a beneficio del SJD Pediatric Cancer Center Barcelona.<\/p>\n<p>Bajo la filosof\u00eda de peque\u00f1as acciones marcan grandes diferencias, Areas muestra, una vez m\u00e1s, su compromiso activo con las causas sociales y su voluntad de hacer evolucionar la sociedad hacia una sociedad mucho m\u00e1s solidaria con las personas.<\/p>\n<p>&nbsp;<\/p>\n<p><strong>El laborarorio del investigaci\u00f3n del SJD Pedriatic Cancer Center Barcelona<\/strong><\/p>\n<p>El laboratorio de investigaci\u00f3n del SJD Pediatric Cancer Center Barcelona, el primer y \u00fanico centro monogr\u00e1fico oncol\u00f3gico pedi\u00e1trico de Espa\u00f1a, hace 20 a\u00f1os que trabaja para avanzar en nuevos tratamientos que ayuden a curar m\u00e1s, y con muchas menos secuelas, los c\u00e1nceres que afectan a los ni\u00f1os y adolescentes. Conocidos en el \u00e1mbito cl\u00ednico como c\u00e1nceres del desarrollo, su afectaci\u00f3n es muy minoritaria con respecto a los adultos -1 caso en ni\u00f1o por cada 200 en adultos-. Precisamente, esta baja proporci\u00f3n, unido al hecho de que son completamente distintos al c\u00e1ncer del adulto \u2013su causa no es el envejecimiento de las c\u00e9lulas, como en la adultez, sino su desarrollo-\u00a0 hace que sea una enfermedad minoritaria e imprevisible que requiera de una investigaci\u00f3n espec\u00edfica como la que se lleva a cabo en Sant Joan de D\u00e9u.<\/p>\n<p>&nbsp;<\/p>\n<p><strong>M\u00e1s informaci\u00f3n: <a href=\"https:\/\/areas.worldcoo.com\/a76335e1-3384-4603-a5d0-75ac27100c63\">https:\/\/areas.worldcoo.com\/a76335e1-3384-4603-a5d0-75ac27100c63<\/a> <\/strong><\/p>\n<p>&nbsp;<\/p>\n<p><strong>Sobre Areas<\/strong><\/p>\n<p>L\u00edder internacional en restauraci\u00f3n y retail en el mundo de los viajes y otros espacios concesionales como recintos feriales y centro ciudad. Con presencia en 10 pa\u00edses, la compa\u00f1\u00eda gestiona m\u00e1s de 2.000 restaurantes y tiendas en Europa y Am\u00e9rica.<\/p>\n<p>Con un equipo de 20.000 personas y presencia en los principales n\u00facleos de comunicaci\u00f3n de todo el mundo (aeropuertos, estaciones de tren, \u00e1reas de servicio), as\u00ed como centros de ocio y recintos feriales, Areas da servicio a m\u00e1s de 350 millones de clientes cada a\u00f1o.<\/p>\n<p>Fundada en 1968 en Barcelona, Areas naci\u00f3 con el compromiso de ofrecer servicios de alta calidad a los viajeros. Desde entonces, ha evolucionado hasta convertirse en un operador global de referencia en el sector, con un profundo conocimiento de las necesidades de los viajeros y de la m\u00e1s amplia gama de conceptos de restauraci\u00f3n del mercado.<\/p>\n<p>&nbsp;<\/p>\n<p><strong>Sobre Worldcoo<\/strong><\/p>\n<p>Worldcoo es una empresa social que ayuda a las ONG a encontrar los recursos necesarios para impulsar sus proyectos sociales y de cooperaci\u00f3n en todo el mundo. A trav\u00e9s de su Redondeo Solidario, los comercios pueden ofrecer a sus clientes la posibilidad de redondear el importe final de su compra y dar los c\u00e9ntimos a una causa social, siempre y cuando paguen con tarjeta.<\/p>\n<p>Des de su creaci\u00f3n, ha financiado m\u00e1s de 750 proyectos, gracias a la m\u00e1s de 57 millones de donaciones que se han realizado desde 35 pa\u00edses distintos. Worldcoo forma parte del movimiento B Corp y cuenta con el apoyo de la Comisi\u00f3n Europea por a ver formado parte de su programa Horizon 2020. M\u00e1s informaci\u00f3n: https:\/\/www.worldcoo.com.<\/p>\n<p>&nbsp;<\/p>\n<p>&nbsp;<\/p>\n<p><strong>Contacto de prensa | Roman:<\/strong><\/p>\n<p>V\u00edctor Palacio: <a href=\"mailto:v.palacio@romanrm.com\">v.palacio@romanrm.com<\/a> \u00a0+34 677 782 370<\/p>\n<p>Carla Buj: <a href=\"mailto:c.buj@romanrm.com\">c.buj@romanrm.com<\/a> +34 667 73 78 73<\/p>\n","protected":false},"excerpt":{"rendered":"<p>M\u00e1s de 300 establecimientos de la compa\u00f1\u00eda ofrecer\u00e1n a sus clientes donar los c\u00e9ntimos de euro restantes, hasta redondear la compra, a beneficio del SJD Pedriatic Cancer Center de Barcelona. B","protected":false},"author":43,"featured_media":9947,"comment_status":"open","ping_status":"open","sticky":false,"template":"","format":"standard","meta":[],"categories":[1],"tags":[91],"acf":[],"yoast_head":"<!-- This site is optimized with the Yoast SEO plugin v17.6 - https:\/\/yoast.com\/wordpress\/plugins\/seo\/ -->\n<title>Areas lanza una campa\u00f1a de Redondeo Solidario para investigar el c\u00e1ncer infantil en Sant Joan de D\u00e9u \u00a0 - Areas | Spain<\/title>\n<meta name=\"robots\" content=\"index, follow, max-snippet:-1, max-image-preview:large, max-video-preview:-1\" \/>\n<link rel=\"canonical\" href=\"https:\/\/es.areas.com\/es\/noticias\/areas-lanza-una-campana-de-redondeo-solidario-para-investigar-el-cancer-infantil-en-sant-joan-de-deu\/\" \/>\n<meta property=\"og:locale\" content=\"es_ES\" \/>\n<meta property=\"og:type\" content=\"article\" \/>\n<meta property=\"og:title\" content=\"Areas lanza una campa\u00f1a de Redondeo Solidario para investigar el c\u00e1ncer infantil en Sant Joan de D\u00e9u \u00a0 - Areas | Spain\" \/>\n<meta property=\"og:description\" content=\"M\u00e1s de 300 establecimientos de la compa\u00f1\u00eda ofrecer\u00e1n a sus clientes donar los c\u00e9ntimos de euro restantes, hasta redondear la compra, a beneficio del SJD Pedriatic Cancer Center de Barcelona. Barcelona, 4 de mayo de 2023 Areas, l\u00edder en restauraci\u00f3n en el mundo de los viajes, con sede mundial en Barcelona, ha iniciado este mes[...]\" \/>\n<meta property=\"og:url\" content=\"https:\/\/es.areas.com\/es\/noticias\/areas-lanza-una-campana-de-redondeo-solidario-para-investigar-el-cancer-infantil-en-sant-joan-de-deu\/\" \/>\n<meta property=\"og:site_name\" content=\"Areas | Spain\" \/>\n<meta property=\"article:published_time\" content=\"2023-05-17T08:37:56+00:00\" \/>\n<meta property=\"article:modified_time\" content=\"2023-06-02T07:50:04+00:00\" \/>\n<meta property=\"og:image\" content=\"https:\/\/es.areas.com\/wp-content\/uploads\/sites\/6\/2023\/05\/VEA3766-scaled.jpg\" \/>\n\t<meta property=\"og:image:width\" content=\"1722\" \/>\n\t<meta property=\"og:image:height\" content=\"2560\" \/>\n<meta name=\"twitter:card\" content=\"summary_large_image\" \/>\n<meta name=\"twitter:creator\" content=\"@areas_ES\" \/>\n<meta name=\"twitter:site\" content=\"@areas_ES\" \/>\n<meta name=\"twitter:label1\" content=\"Written by\" \/>\n\t<meta name=\"twitter:data1\" content=\"aledesma\" \/>\n\t<meta name=\"twitter:label2\" content=\"Est. reading time\" \/>\n\t<meta name=\"twitter:data2\" content=\"4 minutos\" \/>\n<script type=\"application\/ld+json\" class=\"yoast-schema-graph\">{\"@context\":\"https:\/\/schema.org\",\"@graph\":[{\"@type\":\"WebSite\",\"@id\":\"https:\/\/es.areas.com\/es\/#website\",\"url\":\"https:\/\/es.areas.com\/es\/\",\"name\":\"Areas | Spain\",\"description\":\"Just another Sites Areas  site\",\"potentialAction\":[{\"@type\":\"SearchAction\",\"target\":{\"@type\":\"EntryPoint\",\"urlTemplate\":\"https:\/\/es.areas.com\/es\/?s={search_term_string}\"},\"query-input\":\"required name=search_term_string\"}],\"inLanguage\":\"es\"},{\"@type\":\"ImageObject\",\"@id\":\"https:\/\/es.areas.com\/es\/noticias\/areas-lanza-una-campana-de-redondeo-solidario-para-investigar-el-cancer-infantil-en-sant-joan-de-deu\/#primaryimage\",\"inLanguage\":\"es\",\"url\":\"https:\/\/es.areas.com\/wp-content\/uploads\/sites\/6\/2023\/05\/VEA3766-scaled.jpg\",\"contentUrl\":\"https:\/\/es.areas.com\/wp-content\/uploads\/sites\/6\/2023\/05\/VEA3766-scaled.jpg\",\"width\":1722,\"height\":2560},{\"@type\":\"WebPage\",\"@id\":\"https:\/\/es.areas.com\/es\/noticias\/areas-lanza-una-campana-de-redondeo-solidario-para-investigar-el-cancer-infantil-en-sant-joan-de-deu\/#webpage\",\"url\":\"https:\/\/es.areas.com\/es\/noticias\/areas-lanza-una-campana-de-redondeo-solidario-para-investigar-el-cancer-infantil-en-sant-joan-de-deu\/\",\"name\":\"Areas lanza una campa\\u00f1a de Redondeo Solidario para investigar el c\\u00e1ncer infantil en Sant Joan de D\\u00e9u \\u00a0 - Areas | Spain\",\"isPartOf\":{\"@id\":\"https:\/\/es.areas.com\/es\/#website\"},\"primaryImageOfPage\":{\"@id\":\"https:\/\/es.areas.com\/es\/noticias\/areas-lanza-una-campana-de-redondeo-solidario-para-investigar-el-cancer-infantil-en-sant-joan-de-deu\/#primaryimage\"},\"datePublished\":\"2023-05-17T08:37:56+00:00\",\"dateModified\":\"2023-06-02T07:50:04+00:00\",\"author\":{\"@id\":\"https:\/\/es.areas.com\/es\/#\/schema\/person\/3c734b6f749eb9f68d7029477ece12bc\"},\"breadcrumb\":{\"@id\":\"https:\/\/es.areas.com\/es\/noticias\/areas-lanza-una-campana-de-redondeo-solidario-para-investigar-el-cancer-infantil-en-sant-joan-de-deu\/#breadcrumb\"},\"inLanguage\":\"es\",\"potentialAction\":[{\"@type\":\"ReadAction\",\"target\":[\"https:\/\/es.areas.com\/es\/noticias\/areas-lanza-una-campana-de-redondeo-solidario-para-investigar-el-cancer-infantil-en-sant-joan-de-deu\/\"]}]},{\"@type\":\"BreadcrumbList\",\"@id\":\"https:\/\/es.areas.com\/es\/noticias\/areas-lanza-una-campana-de-redondeo-solidario-para-investigar-el-cancer-infantil-en-sant-joan-de-deu\/#breadcrumb\",\"itemListElement\":[{\"@type\":\"ListItem\",\"position\":1,\"name\":\"Home\",\"item\":\"https:\/\/es.areas.com\/es\/\"},{\"@type\":\"ListItem\",\"position\":2,\"name\":\"Areas lanza una campa\\u00f1a de Redondeo Solidario para investigar el c\\u00e1ncer infantil en Sant Joan de D\\u00e9u \\u00a0\"}]},{\"@type\":\"Person\",\"@id\":\"https:\/\/es.areas.com\/es\/#\/schema\/person\/3c734b6f749eb9f68d7029477ece12bc\",\"name\":\"aledesma\",\"image\":{\"@type\":\"ImageObject\",\"@id\":\"https:\/\/es.areas.com\/es\/#personlogo\",\"inLanguage\":\"es\",\"url\":\"https:\/\/secure.gravatar.com\/avatar\/1a58dd5de2a81b879e9ed307ad150f73?s=96&d=mm&r=g\",\"contentUrl\":\"https:\/\/secure.gravatar.com\/avatar\/1a58dd5de2a81b879e9ed307ad150f73?s=96&d=mm&r=g\",\"caption\":\"aledesma\"}}]}<\/script>\n<!-- \/ Yoast SEO plugin. -->","yoast_head_json":{"title":"Areas lanza una campa\u00f1a de Redondeo Solidario para investigar el c\u00e1ncer infantil en Sant Joan de D\u00e9u \u00a0 - Areas | Spain","robots":{"index":"index","follow":"follow","max-snippet":"max-snippet:-1","max-image-preview":"max-image-preview:large","max-video-preview":"max-video-preview:-1"},"canonical":"https:\/\/es.areas.com\/es\/noticias\/areas-lanza-una-campana-de-redondeo-solidario-para-investigar-el-cancer-infantil-en-sant-joan-de-deu\/","og_locale":"es_ES","og_type":"article","og_title":"Areas lanza una campa\u00f1a de Redondeo Solidario para investigar el c\u00e1ncer infantil en Sant Joan de D\u00e9u \u00a0 - Areas | Spain","og_description":"M\u00e1s de 300 establecimientos de la compa\u00f1\u00eda ofrecer\u00e1n a sus clientes donar los c\u00e9ntimos de euro restantes, hasta redondear la compra, a beneficio del SJD Pedriatic Cancer Center de Barcelona. Barcelona, 4 de mayo de 2023 Areas, l\u00edder en restauraci\u00f3n en el mundo de los viajes, con sede mundial en Barcelona, ha iniciado este mes[...]","og_url":"https:\/\/es.areas.com\/es\/noticias\/areas-lanza-una-campana-de-redondeo-solidario-para-investigar-el-cancer-infantil-en-sant-joan-de-deu\/","og_site_name":"Areas | Spain","article_published_time":"2023-05-17T08:37:56+00:00","article_modified_time":"2023-06-02T07:50:04+00:00","og_image":[{"width":1722,"height":2560,"url":"https:\/\/es.areas.com\/wp-content\/uploads\/sites\/6\/2023\/05\/VEA3766-scaled.jpg","type":"image\/jpeg"}],"twitter_card":"summary_large_image","twitter_creator":"@areas_ES","twitter_site":"@areas_ES","twitter_misc":{"Written by":"aledesma","Est. reading time":"4 minutos"},"schema":{"@context":"https:\/\/schema.org","@graph":[{"@type":"WebSite","@id":"https:\/\/es.areas.com\/es\/#website","url":"https:\/\/es.areas.com\/es\/","name":"Areas | Spain","description":"Just another Sites Areas  site","potentialAction":[{"@type":"SearchAction","target":{"@type":"EntryPoint","urlTemplate":"https:\/\/es.areas.com\/es\/?s={search_term_string}"},"query-input":"required name=search_term_string"}],"inLanguage":"es"},{"@type":"ImageObject","@id":"https:\/\/es.areas.com\/es\/noticias\/areas-lanza-una-campana-de-redondeo-solidario-para-investigar-el-cancer-infantil-en-sant-joan-de-deu\/#primaryimage","inLanguage":"es","url":"https:\/\/es.areas.com\/wp-content\/uploads\/sites\/6\/2023\/05\/VEA3766-scaled.jpg","contentUrl":"https:\/\/es.areas.com\/wp-content\/uploads\/sites\/6\/2023\/05\/VEA3766-scaled.jpg","width":1722,"height":2560},{"@type":"WebPage","@id":"https:\/\/es.areas.com\/es\/noticias\/areas-lanza-una-campana-de-redondeo-solidario-para-investigar-el-cancer-infantil-en-sant-joan-de-deu\/#webpage","url":"https:\/\/es.areas.com\/es\/noticias\/areas-lanza-una-campana-de-redondeo-solidario-para-investigar-el-cancer-infantil-en-sant-joan-de-deu\/","name":"Areas lanza una campa\u00f1a de Redondeo Solidario para investigar el c\u00e1ncer infantil en Sant Joan de D\u00e9u \u00a0 - Areas | Spain","isPartOf":{"@id":"https:\/\/es.areas.com\/es\/#website"},"primaryImageOfPage":{"@id":"https:\/\/es.areas.com\/es\/noticias\/areas-lanza-una-campana-de-redondeo-solidario-para-investigar-el-cancer-infantil-en-sant-joan-de-deu\/#primaryimage"},"datePublished":"2023-05-17T08:37:56+00:00","dateModified":"2023-06-02T07:50:04+00:00","author":{"@id":"https:\/\/es.areas.com\/es\/#\/schema\/person\/3c734b6f749eb9f68d7029477ece12bc"},"breadcrumb":{"@id":"https:\/\/es.areas.com\/es\/noticias\/areas-lanza-una-campana-de-redondeo-solidario-para-investigar-el-cancer-infantil-en-sant-joan-de-deu\/#breadcrumb"},"inLanguage":"es","potentialAction":[{"@type":"ReadAction","target":["https:\/\/es.areas.com\/es\/noticias\/areas-lanza-una-campana-de-redondeo-solidario-para-investigar-el-cancer-infantil-en-sant-joan-de-deu\/"]}]},{"@type":"BreadcrumbList","@id":"https:\/\/es.areas.com\/es\/noticias\/areas-lanza-una-campana-de-redondeo-solidario-para-investigar-el-cancer-infantil-en-sant-joan-de-deu\/#breadcrumb","itemListElement":[{"@type":"ListItem","position":1,"name":"Home","item":"https:\/\/es.areas.com\/es\/"},{"@type":"ListItem","position":2,"name":"Areas lanza una campa\u00f1a de Redondeo Solidario para investigar el c\u00e1ncer infantil en Sant Joan de D\u00e9u \u00a0"}]},{"@type":"Person","@id":"https:\/\/es.areas.com\/es\/#\/schema\/person\/3c734b6f749eb9f68d7029477ece12bc","name":"aledesma","image":{"@type":"ImageObject","@id":"https:\/\/es.areas.com\/es\/#personlogo","inLanguage":"es","url":"https:\/\/secure.gravatar.com\/avatar\/1a58dd5de2a81b879e9ed307ad150f73?s=96&d=mm&r=g","contentUrl":"https:\/\/secure.gravatar.com\/avatar\/1a58dd5de2a81b879e9ed307ad150f73?s=96&d=mm&r=g","caption":"aledesma"}}]}},"_links":{"self":[{"href":"https:\/\/es.areas.com\/es\/wp-json\/wp\/v2\/posts\/9946"}],"collection":[{"href":"https:\/\/es.areas.com\/es\/wp-json\/wp\/v2\/posts"}],"about":[{"href":"https:\/\/es.areas.com\/es\/wp-json\/wp\/v2\/types\/post"}],"author":[{"embeddable":true,"href":"https:\/\/es.areas.com\/es\/wp-json\/wp\/v2\/users\/43"}],"replies":[{"embeddable":true,"href":"https:\/\/es.areas.com\/es\/wp-json\/wp\/v2\/comments?post=9946"}],"version-history":[{"count":3,"href":"https:\/\/es.areas.com\/es\/wp-json\/wp\/v2\/posts\/9946\/revisions"}],"predecessor-version":[{"id":10173,"href":"https:\/\/es.areas.com\/es\/wp-json\/wp\/v2\/posts\/9946\/revisions\/10173"}],"wp:featuredmedia":[{"embeddable":true,"href":"https:\/\/es.areas.com\/es\/wp-json\/wp\/v2\/media\/9947"}],"wp:attachment":[{"href":"https:\/\/es.areas.com\/es\/wp-json\/wp\/v2\/media?parent=9946"}],"wp:term":[{"taxonomy":"category","embeddable":true,"href":"https:\/\/es.areas.com\/es\/wp-json\/wp\/v2\/categories?post=9946"},{"taxonomy":"post_tag","embeddable":true,"href":"https:\/\/es.areas.com\/es\/wp-json\/wp\/v2\/tags?post=9946"}],"curies":[{"name":"wp","href":"https:\/\/api.w.org\/{rel}","templated":true}]}}