{"id":12092,"date":"2026-04-27T11:37:08","date_gmt":"2026-04-27T09:37:08","guid":{"rendered":"https:\/\/es.areas.com\/?p=12092"},"modified":"2026-04-27T11:37:08","modified_gmt":"2026-04-27T09:37:08","slug":"areas-impulsa-la-contratacion-en-baleares-con-mas-de-450-vacantes-para-la-temporada-de-verano","status":"publish","type":"post","link":"https:\/\/es.areas.com\/es\/noticias\/areas-impulsa-la-contratacion-en-baleares-con-mas-de-450-vacantes-para-la-temporada-de-verano\/","title":{"rendered":"Areas impulsa la contrataci\u00f3n en Baleares con m\u00e1s de 450 vacantes para la temporada de verano"},"content":{"rendered":"<ul>\n<li><strong>La multinacional espa\u00f1ola l\u00edder en restauraci\u00f3n en el mundo de los viajes prev\u00e9 incorporar 456 profesionales en Baleares, reforzando sus equipos en uno de los principales destinos tur\u00edsticos del pa\u00eds <\/strong><\/li>\n<li><strong>Por islas, Palma de Mallorca concentrar\u00e1 240 vacantes, seguida de Ibiza, con 154 incorporaciones, y Menorca, con 62<\/strong><\/li>\n<li><strong>Este plan de contrataci\u00f3n contribuye a la generaci\u00f3n de empleo local y refuerza la calidad del servicio en un contexto de alta afluencia de viajeros<\/strong><\/li>\n<\/ul>\n<p><strong>\u00a0<\/strong><strong>Barcelona, 27 de abril de 2026<\/strong><\/p>\n<p>Areas, multinacional l\u00edder en restauraci\u00f3n en el mundo de los viajes, prev\u00e9 la incorporaci\u00f3n de 456 nuevos profesionales en Baleares de cara a la temporada de verano, con el objetivo de reforzar su operativa en un contexto marcado por el incremento del tr\u00e1fico de viajeros en los aeropuertos del archipi\u00e9lago.<\/p>\n<p>Las nuevas incorporaciones estar\u00e1n destinadas principalmente a perfiles de cocina, sala y atenci\u00f3n al cliente, esenciales para garantizar un servicio \u00e1gil y de calidad en entornos de alta rotaci\u00f3n y elevada demanda. Por islas, Palma de Mallorca concentrar\u00e1 240 vacantes, seguida de Ibiza, con 154 incorporaciones, y Menorca, con 62, lo que refuerza la presencia de Areas en los principales puntos de entrada de viajeros a Baleares.<\/p>\n<p>Este refuerzo de plantilla responde al aumento de la actividad durante los meses de verano, periodo en el que Baleares registra uno de los mayores vol\u00famenes de tr\u00e1fico tur\u00edstico del a\u00f1o, consolidando su papel como enclave estrat\u00e9gico dentro de la red de la compa\u00f1\u00eda.<\/p>\n<p>\u00d2scar Cuadrado, Director de Personas, Cultura y Organizaci\u00f3n de Areas Iberia, sostiene <em>\u201cAreas quiere contar con el mejor talento en el mundo de la restauraci\u00f3n, tanto en Espa\u00f1a como en Portugal, asegurando y potenciando su liderazgo a trav\u00e9s de pol\u00edticas centradas en el trabajo en equipo, la excelencia en el servicio, el compromiso y la satisfacci\u00f3n del cliente\u201d<\/em>.<\/p>\n<p>Con esta iniciativa, Areas contribuye a la dinamizaci\u00f3n del empleo en Baleares y refuerza su compromiso con el territorio, apostando por la incorporaci\u00f3n de talento para ofrecer el mejor servicio al viajero.<\/p>\n<p>&nbsp;<\/p>\n<p>&nbsp;<\/p>\n<p>&nbsp;<\/p>\n","protected":false},"excerpt":{"rendered":"<p>La multinacional espa\u00f1ola l\u00edder en restauraci\u00f3n en el mundo de los viajes prev\u00e9 incorporar 456 profesionales en Baleares, reforzando sus equipos en uno de los principales destinos tur\u00edsticos d","protected":false},"author":35,"featured_media":11334,"comment_status":"open","ping_status":"open","sticky":false,"template":"","format":"standard","meta":[],"categories":[1],"tags":[],"acf":[],"yoast_head":"<!-- This site is optimized with the Yoast SEO plugin v17.6 - https:\/\/yoast.com\/wordpress\/plugins\/seo\/ -->\n<title>Areas impulsa la contrataci\u00f3n en Baleares con m\u00e1s de 450 vacantes para la temporada de verano - Areas | Spain<\/title>\n<meta name=\"robots\" content=\"index, follow, max-snippet:-1, max-image-preview:large, max-video-preview:-1\" \/>\n<link rel=\"canonical\" href=\"https:\/\/es.areas.com\/es\/noticias\/areas-impulsa-la-contratacion-en-baleares-con-mas-de-450-vacantes-para-la-temporada-de-verano\/\" \/>\n<meta property=\"og:locale\" content=\"es_ES\" \/>\n<meta property=\"og:type\" content=\"article\" \/>\n<meta property=\"og:title\" content=\"Areas impulsa la contrataci\u00f3n en Baleares con m\u00e1s de 450 vacantes para la temporada de verano - Areas | Spain\" \/>\n<meta property=\"og:description\" content=\"La multinacional espa\u00f1ola l\u00edder en restauraci\u00f3n en el mundo de los viajes prev\u00e9 incorporar 456 profesionales en Baleares, reforzando sus equipos en uno de los principales destinos tur\u00edsticos del pa\u00eds Por islas, Palma de Mallorca concentrar\u00e1 240 vacantes, seguida de Ibiza, con 154 incorporaciones, y Menorca, con 62 Este plan de contrataci\u00f3n contribuye a la[...]\" \/>\n<meta property=\"og:url\" content=\"https:\/\/es.areas.com\/es\/noticias\/areas-impulsa-la-contratacion-en-baleares-con-mas-de-450-vacantes-para-la-temporada-de-verano\/\" \/>\n<meta property=\"og:site_name\" content=\"Areas | Spain\" \/>\n<meta property=\"article:published_time\" content=\"2026-04-27T09:37:08+00:00\" \/>\n<meta name=\"twitter:card\" content=\"summary_large_image\" \/>\n<meta name=\"twitter:image\" content=\"https:\/\/es.areas.com\/wp-content\/uploads\/sites\/6\/2025\/04\/compromiso-1.jpg.webp\" \/>\n<meta name=\"twitter:creator\" content=\"@areas_ES\" \/>\n<meta name=\"twitter:site\" content=\"@areas_ES\" \/>\n<meta name=\"twitter:label1\" content=\"Written by\" \/>\n\t<meta name=\"twitter:data1\" content=\"rescriche\" \/>\n\t<meta name=\"twitter:label2\" content=\"Est. reading time\" \/>\n\t<meta name=\"twitter:data2\" content=\"2 minutos\" \/>\n<script type=\"application\/ld+json\" class=\"yoast-schema-graph\">{\"@context\":\"https:\/\/schema.org\",\"@graph\":[{\"@type\":\"WebSite\",\"@id\":\"https:\/\/es.areas.com\/es\/#website\",\"url\":\"https:\/\/es.areas.com\/es\/\",\"name\":\"Areas | Spain\",\"description\":\"Just another Sites Areas  site\",\"potentialAction\":[{\"@type\":\"SearchAction\",\"target\":{\"@type\":\"EntryPoint\",\"urlTemplate\":\"https:\/\/es.areas.com\/es\/?s={search_term_string}\"},\"query-input\":\"required name=search_term_string\"}],\"inLanguage\":\"es\"},{\"@type\":\"ImageObject\",\"@id\":\"https:\/\/es.areas.com\/es\/noticias\/areas-impulsa-la-contratacion-en-baleares-con-mas-de-450-vacantes-para-la-temporada-de-verano\/#primaryimage\",\"inLanguage\":\"es\",\"url\":\"https:\/\/es.areas.com\/wp-content\/uploads\/sites\/6\/2025\/04\/compromiso-1.jpg.webp\",\"contentUrl\":\"https:\/\/es.areas.com\/wp-content\/uploads\/sites\/6\/2025\/04\/compromiso-1.jpg.webp\",\"width\":2000,\"height\":2524},{\"@type\":\"WebPage\",\"@id\":\"https:\/\/es.areas.com\/es\/noticias\/areas-impulsa-la-contratacion-en-baleares-con-mas-de-450-vacantes-para-la-temporada-de-verano\/#webpage\",\"url\":\"https:\/\/es.areas.com\/es\/noticias\/areas-impulsa-la-contratacion-en-baleares-con-mas-de-450-vacantes-para-la-temporada-de-verano\/\",\"name\":\"Areas impulsa la contrataci\\u00f3n en Baleares con m\\u00e1s de 450 vacantes para la temporada de verano - Areas | Spain\",\"isPartOf\":{\"@id\":\"https:\/\/es.areas.com\/es\/#website\"},\"primaryImageOfPage\":{\"@id\":\"https:\/\/es.areas.com\/es\/noticias\/areas-impulsa-la-contratacion-en-baleares-con-mas-de-450-vacantes-para-la-temporada-de-verano\/#primaryimage\"},\"datePublished\":\"2026-04-27T09:37:08+00:00\",\"dateModified\":\"2026-04-27T09:37:08+00:00\",\"author\":{\"@id\":\"https:\/\/es.areas.com\/es\/#\/schema\/person\/139f51cf4450a377a3d00a69a87748eb\"},\"breadcrumb\":{\"@id\":\"https:\/\/es.areas.com\/es\/noticias\/areas-impulsa-la-contratacion-en-baleares-con-mas-de-450-vacantes-para-la-temporada-de-verano\/#breadcrumb\"},\"inLanguage\":\"es\",\"potentialAction\":[{\"@type\":\"ReadAction\",\"target\":[\"https:\/\/es.areas.com\/es\/noticias\/areas-impulsa-la-contratacion-en-baleares-con-mas-de-450-vacantes-para-la-temporada-de-verano\/\"]}]},{\"@type\":\"BreadcrumbList\",\"@id\":\"https:\/\/es.areas.com\/es\/noticias\/areas-impulsa-la-contratacion-en-baleares-con-mas-de-450-vacantes-para-la-temporada-de-verano\/#breadcrumb\",\"itemListElement\":[{\"@type\":\"ListItem\",\"position\":1,\"name\":\"Home\",\"item\":\"https:\/\/es.areas.com\/es\/\"},{\"@type\":\"ListItem\",\"position\":2,\"name\":\"Areas impulsa la contrataci\\u00f3n en Baleares con m\\u00e1s de 450 vacantes para la temporada de verano\"}]},{\"@type\":\"Person\",\"@id\":\"https:\/\/es.areas.com\/es\/#\/schema\/person\/139f51cf4450a377a3d00a69a87748eb\",\"name\":\"rescriche\",\"image\":{\"@type\":\"ImageObject\",\"@id\":\"https:\/\/es.areas.com\/es\/#personlogo\",\"inLanguage\":\"es\",\"url\":\"https:\/\/secure.gravatar.com\/avatar\/f3e7b1421d776905e98a9fe582943c30?s=96&d=mm&r=g\",\"contentUrl\":\"https:\/\/secure.gravatar.com\/avatar\/f3e7b1421d776905e98a9fe582943c30?s=96&d=mm&r=g\",\"caption\":\"rescriche\"}}]}<\/script>\n<!-- \/ Yoast SEO plugin. -->","yoast_head_json":{"title":"Areas impulsa la contrataci\u00f3n en Baleares con m\u00e1s de 450 vacantes para la temporada de verano - Areas | Spain","robots":{"index":"index","follow":"follow","max-snippet":"max-snippet:-1","max-image-preview":"max-image-preview:large","max-video-preview":"max-video-preview:-1"},"canonical":"https:\/\/es.areas.com\/es\/noticias\/areas-impulsa-la-contratacion-en-baleares-con-mas-de-450-vacantes-para-la-temporada-de-verano\/","og_locale":"es_ES","og_type":"article","og_title":"Areas impulsa la contrataci\u00f3n en Baleares con m\u00e1s de 450 vacantes para la temporada de verano - Areas | Spain","og_description":"La multinacional espa\u00f1ola l\u00edder en restauraci\u00f3n en el mundo de los viajes prev\u00e9 incorporar 456 profesionales en Baleares, reforzando sus equipos en uno de los principales destinos tur\u00edsticos del pa\u00eds Por islas, Palma de Mallorca concentrar\u00e1 240 vacantes, seguida de Ibiza, con 154 incorporaciones, y Menorca, con 62 Este plan de contrataci\u00f3n contribuye a la[...]","og_url":"https:\/\/es.areas.com\/es\/noticias\/areas-impulsa-la-contratacion-en-baleares-con-mas-de-450-vacantes-para-la-temporada-de-verano\/","og_site_name":"Areas | Spain","article_published_time":"2026-04-27T09:37:08+00:00","twitter_card":"summary_large_image","twitter_image":"https:\/\/es.areas.com\/wp-content\/uploads\/sites\/6\/2025\/04\/compromiso-1.jpg.webp","twitter_creator":"@areas_ES","twitter_site":"@areas_ES","twitter_misc":{"Written by":"rescriche","Est. reading time":"2 minutos"},"schema":{"@context":"https:\/\/schema.org","@graph":[{"@type":"WebSite","@id":"https:\/\/es.areas.com\/es\/#website","url":"https:\/\/es.areas.com\/es\/","name":"Areas | Spain","description":"Just another Sites Areas  site","potentialAction":[{"@type":"SearchAction","target":{"@type":"EntryPoint","urlTemplate":"https:\/\/es.areas.com\/es\/?s={search_term_string}"},"query-input":"required name=search_term_string"}],"inLanguage":"es"},{"@type":"ImageObject","@id":"https:\/\/es.areas.com\/es\/noticias\/areas-impulsa-la-contratacion-en-baleares-con-mas-de-450-vacantes-para-la-temporada-de-verano\/#primaryimage","inLanguage":"es","url":"https:\/\/es.areas.com\/wp-content\/uploads\/sites\/6\/2025\/04\/compromiso-1.jpg.webp","contentUrl":"https:\/\/es.areas.com\/wp-content\/uploads\/sites\/6\/2025\/04\/compromiso-1.jpg.webp","width":2000,"height":2524},{"@type":"WebPage","@id":"https:\/\/es.areas.com\/es\/noticias\/areas-impulsa-la-contratacion-en-baleares-con-mas-de-450-vacantes-para-la-temporada-de-verano\/#webpage","url":"https:\/\/es.areas.com\/es\/noticias\/areas-impulsa-la-contratacion-en-baleares-con-mas-de-450-vacantes-para-la-temporada-de-verano\/","name":"Areas impulsa la contrataci\u00f3n en Baleares con m\u00e1s de 450 vacantes para la temporada de verano - Areas | Spain","isPartOf":{"@id":"https:\/\/es.areas.com\/es\/#website"},"primaryImageOfPage":{"@id":"https:\/\/es.areas.com\/es\/noticias\/areas-impulsa-la-contratacion-en-baleares-con-mas-de-450-vacantes-para-la-temporada-de-verano\/#primaryimage"},"datePublished":"2026-04-27T09:37:08+00:00","dateModified":"2026-04-27T09:37:08+00:00","author":{"@id":"https:\/\/es.areas.com\/es\/#\/schema\/person\/139f51cf4450a377a3d00a69a87748eb"},"breadcrumb":{"@id":"https:\/\/es.areas.com\/es\/noticias\/areas-impulsa-la-contratacion-en-baleares-con-mas-de-450-vacantes-para-la-temporada-de-verano\/#breadcrumb"},"inLanguage":"es","potentialAction":[{"@type":"ReadAction","target":["https:\/\/es.areas.com\/es\/noticias\/areas-impulsa-la-contratacion-en-baleares-con-mas-de-450-vacantes-para-la-temporada-de-verano\/"]}]},{"@type":"BreadcrumbList","@id":"https:\/\/es.areas.com\/es\/noticias\/areas-impulsa-la-contratacion-en-baleares-con-mas-de-450-vacantes-para-la-temporada-de-verano\/#breadcrumb","itemListElement":[{"@type":"ListItem","position":1,"name":"Home","item":"https:\/\/es.areas.com\/es\/"},{"@type":"ListItem","position":2,"name":"Areas impulsa la contrataci\u00f3n en Baleares con m\u00e1s de 450 vacantes para la temporada de verano"}]},{"@type":"Person","@id":"https:\/\/es.areas.com\/es\/#\/schema\/person\/139f51cf4450a377a3d00a69a87748eb","name":"rescriche","image":{"@type":"ImageObject","@id":"https:\/\/es.areas.com\/es\/#personlogo","inLanguage":"es","url":"https:\/\/secure.gravatar.com\/avatar\/f3e7b1421d776905e98a9fe582943c30?s=96&d=mm&r=g","contentUrl":"https:\/\/secure.gravatar.com\/avatar\/f3e7b1421d776905e98a9fe582943c30?s=96&d=mm&r=g","caption":"rescriche"}}]}},"_links":{"self":[{"href":"https:\/\/es.areas.com\/es\/wp-json\/wp\/v2\/posts\/12092"}],"collection":[{"href":"https:\/\/es.areas.com\/es\/wp-json\/wp\/v2\/posts"}],"about":[{"href":"https:\/\/es.areas.com\/es\/wp-json\/wp\/v2\/types\/post"}],"author":[{"embeddable":true,"href":"https:\/\/es.areas.com\/es\/wp-json\/wp\/v2\/users\/35"}],"replies":[{"embeddable":true,"href":"https:\/\/es.areas.com\/es\/wp-json\/wp\/v2\/comments?post=12092"}],"version-history":[{"count":1,"href":"https:\/\/es.areas.com\/es\/wp-json\/wp\/v2\/posts\/12092\/revisions"}],"predecessor-version":[{"id":12093,"href":"https:\/\/es.areas.com\/es\/wp-json\/wp\/v2\/posts\/12092\/revisions\/12093"}],"wp:featuredmedia":[{"embeddable":true,"href":"https:\/\/es.areas.com\/es\/wp-json\/wp\/v2\/media\/11334"}],"wp:attachment":[{"href":"https:\/\/es.areas.com\/es\/wp-json\/wp\/v2\/media?parent=12092"}],"wp:term":[{"taxonomy":"category","embeddable":true,"href":"https:\/\/es.areas.com\/es\/wp-json\/wp\/v2\/categories?post=12092"},{"taxonomy":"post_tag","embeddable":true,"href":"https:\/\/es.areas.com\/es\/wp-json\/wp\/v2\/tags?post=12092"}],"curies":[{"name":"wp","href":"https:\/\/api.w.org\/{rel}","templated":true}]}}