{"id":10782,"date":"2024-02-08T14:29:32","date_gmt":"2024-02-08T13:29:32","guid":{"rendered":"https:\/\/es.areas.com\/?p=10782"},"modified":"2024-02-16T14:35:02","modified_gmt":"2024-02-16T13:35:02","slug":"fabio-nunes-de-areas-iberia-proclamado-campeon-en-la-gran-final-de-areas-worldwide-challenge","status":"publish","type":"post","link":"https:\/\/es.areas.com\/es\/noticias\/fabio-nunes-de-areas-iberia-proclamado-campeon-en-la-gran-final-de-areas-worldwide-challenge\/","title":{"rendered":"F\u00e1bio Nunes de Areas Iberia, proclamado campe\u00f3n en la Gran Final de Areas Worldwide Challenge"},"content":{"rendered":"<p>El 6 de febrero fue un d\u00eda para recordar en nuestra sede de Barcelona, donde celebramos la gran final de Areas Worldwide Challenge. Tras varios meses de ardua competici\u00f3n entre nuestros equipos de operaciones, todo culmin\u00f3 en un emocionante evento en el que los ganadores de cada pa\u00eds demostraron su talento y dedicaci\u00f3n para lograr alzarse con el t\u00edtulo de ganador.<\/p>\n<p>Nos complace anunciar que F\u00e1bio Nunes, del Aeropuerto de Faro (Portugal), es el nuevo ganador de Areas Worldwide Challenge. Enhorabuena a F\u00e1bio Nunes y a Areas Iberia por su gran victoria, y tambi\u00e9n a todos los ganadores de cada pa\u00eds, que han demostrado un talento y un compromiso excepcionales a lo largo de toda la competici\u00f3n:<\/p>\n<ul>\n<li>Areas, Estados Unidos: Nayef Shamman de Mezza en el aeropuerto Metropolitano de Detroit.<\/li>\n<li>Areas, Francia: Magali MENET y Marie Nicolas de Aire en Mornas.<\/li>\n<li>Areas, Italia: Paolo Veltri del aeropuerto de Mil\u00e1n Malpensa.<\/li>\n<li>Areas Iberia: F\u00e1bio Nunes de Pizza Hut en el aeropuerto de Faro.<\/li>\n<li>Areas M\u00e9xico &amp; Chile: Daniela Sol\u00eds de F&amp;B en el aeropuerto de Guadalajara.<\/li>\n<\/ul>\n<p>Areas Worldwide Challenge es un programa que nos motiva como empresa, ya que propone retos a los responsables de los distintos establecimientos de todos nuestros mercados para alcanzar la excelencia operacional, garantizar la satisfacci\u00f3n del cliente, fomentar el trabajo en equipo y lograr resultados sobresalientes. Esta iniciativa ensalza los valores fundamentales que representan los cuatro pilares de Areas: orgullo de pertenencia, excelencia, colaboraci\u00f3n para el crecimiento y responsabilidad.<\/p>\n<p>Todos los participantes demostraron que, con la actitud adecuada y #AreasSpirit, todo es posible. Mientras reflexionamos sobre este d\u00eda tan especial, miramos hacia el futuro con emoci\u00f3n y antelaci\u00f3n. Ahora, nuestros equipos se est\u00e1n preparando para el #AreasChallenge2026. Sigamos trabajando por la excelencia e inspir\u00e1ndonos mutuamente.<\/p>\n<p><strong>8 de FEBRERO de 2024<\/strong><\/p>\n<p><a href=\"https:\/\/areas.com\/en\/press\/fabio-nunes-from-areas-iberia-crowned-champion-in-areas-worldwide-challenge-grand-final\/\">COMUNICADO DE PRENSA<\/a><\/p>\n","protected":false},"excerpt":{"rendered":"<p>El 6 de febrero fue un d\u00eda para recordar en nuestra sede de Barcelona, donde celebramos la gran final de Areas Worldwide Challenge. Tras varios meses de ardua competici\u00f3n entre nuestros equipos d","protected":false},"author":43,"featured_media":10783,"comment_status":"open","ping_status":"open","sticky":false,"template":"","format":"standard","meta":[],"categories":[1],"tags":[],"acf":[],"yoast_head":"<!-- This site is optimized with the Yoast SEO plugin v17.6 - https:\/\/yoast.com\/wordpress\/plugins\/seo\/ -->\n<title>F\u00e1bio Nunes de Areas Iberia, proclamado campe\u00f3n en la Gran Final de Areas Worldwide Challenge - Areas | Spain<\/title>\n<meta name=\"robots\" content=\"index, follow, max-snippet:-1, max-image-preview:large, max-video-preview:-1\" \/>\n<link rel=\"canonical\" href=\"https:\/\/es.areas.com\/es\/noticias\/fabio-nunes-de-areas-iberia-proclamado-campeon-en-la-gran-final-de-areas-worldwide-challenge\/\" \/>\n<meta property=\"og:locale\" content=\"es_ES\" \/>\n<meta property=\"og:type\" content=\"article\" \/>\n<meta property=\"og:title\" content=\"F\u00e1bio Nunes de Areas Iberia, proclamado campe\u00f3n en la Gran Final de Areas Worldwide Challenge - Areas | Spain\" \/>\n<meta property=\"og:description\" content=\"El 6 de febrero fue un d\u00eda para recordar en nuestra sede de Barcelona, donde celebramos la gran final de Areas Worldwide Challenge. Tras varios meses de ardua competici\u00f3n entre nuestros equipos de operaciones, todo culmin\u00f3 en un emocionante evento en el que los ganadores de cada pa\u00eds demostraron su talento y dedicaci\u00f3n para lograr[...]\" \/>\n<meta property=\"og:url\" content=\"https:\/\/es.areas.com\/es\/noticias\/fabio-nunes-de-areas-iberia-proclamado-campeon-en-la-gran-final-de-areas-worldwide-challenge\/\" \/>\n<meta property=\"og:site_name\" content=\"Areas | Spain\" \/>\n<meta property=\"article:published_time\" content=\"2024-02-08T13:29:32+00:00\" \/>\n<meta property=\"article:modified_time\" content=\"2024-02-16T13:35:02+00:00\" \/>\n<meta property=\"og:image\" content=\"https:\/\/es.areas.com\/wp-content\/uploads\/sites\/6\/2024\/02\/Imagen2.png\" \/>\n\t<meta property=\"og:image:width\" content=\"364\" \/>\n\t<meta property=\"og:image:height\" content=\"339\" \/>\n<meta name=\"twitter:card\" content=\"summary_large_image\" \/>\n<meta name=\"twitter:creator\" content=\"@areas_ES\" \/>\n<meta name=\"twitter:site\" content=\"@areas_ES\" \/>\n<meta name=\"twitter:label1\" content=\"Written by\" \/>\n\t<meta name=\"twitter:data1\" content=\"aledesma\" \/>\n\t<meta name=\"twitter:label2\" content=\"Est. reading time\" \/>\n\t<meta name=\"twitter:data2\" content=\"2 minutos\" \/>\n<script type=\"application\/ld+json\" class=\"yoast-schema-graph\">{\"@context\":\"https:\/\/schema.org\",\"@graph\":[{\"@type\":\"WebSite\",\"@id\":\"https:\/\/es.areas.com\/es\/#website\",\"url\":\"https:\/\/es.areas.com\/es\/\",\"name\":\"Areas | Spain\",\"description\":\"Just another Sites Areas  site\",\"potentialAction\":[{\"@type\":\"SearchAction\",\"target\":{\"@type\":\"EntryPoint\",\"urlTemplate\":\"https:\/\/es.areas.com\/es\/?s={search_term_string}\"},\"query-input\":\"required name=search_term_string\"}],\"inLanguage\":\"es\"},{\"@type\":\"ImageObject\",\"@id\":\"https:\/\/es.areas.com\/es\/noticias\/fabio-nunes-de-areas-iberia-proclamado-campeon-en-la-gran-final-de-areas-worldwide-challenge\/#primaryimage\",\"inLanguage\":\"es\",\"url\":\"https:\/\/es.areas.com\/wp-content\/uploads\/sites\/6\/2024\/02\/Imagen2.png\",\"contentUrl\":\"https:\/\/es.areas.com\/wp-content\/uploads\/sites\/6\/2024\/02\/Imagen2.png\",\"width\":364,\"height\":339},{\"@type\":\"WebPage\",\"@id\":\"https:\/\/es.areas.com\/es\/noticias\/fabio-nunes-de-areas-iberia-proclamado-campeon-en-la-gran-final-de-areas-worldwide-challenge\/#webpage\",\"url\":\"https:\/\/es.areas.com\/es\/noticias\/fabio-nunes-de-areas-iberia-proclamado-campeon-en-la-gran-final-de-areas-worldwide-challenge\/\",\"name\":\"F\\u00e1bio Nunes de Areas Iberia, proclamado campe\\u00f3n en la Gran Final de Areas Worldwide Challenge - Areas | Spain\",\"isPartOf\":{\"@id\":\"https:\/\/es.areas.com\/es\/#website\"},\"primaryImageOfPage\":{\"@id\":\"https:\/\/es.areas.com\/es\/noticias\/fabio-nunes-de-areas-iberia-proclamado-campeon-en-la-gran-final-de-areas-worldwide-challenge\/#primaryimage\"},\"datePublished\":\"2024-02-08T13:29:32+00:00\",\"dateModified\":\"2024-02-16T13:35:02+00:00\",\"author\":{\"@id\":\"https:\/\/es.areas.com\/es\/#\/schema\/person\/3c734b6f749eb9f68d7029477ece12bc\"},\"breadcrumb\":{\"@id\":\"https:\/\/es.areas.com\/es\/noticias\/fabio-nunes-de-areas-iberia-proclamado-campeon-en-la-gran-final-de-areas-worldwide-challenge\/#breadcrumb\"},\"inLanguage\":\"es\",\"potentialAction\":[{\"@type\":\"ReadAction\",\"target\":[\"https:\/\/es.areas.com\/es\/noticias\/fabio-nunes-de-areas-iberia-proclamado-campeon-en-la-gran-final-de-areas-worldwide-challenge\/\"]}]},{\"@type\":\"BreadcrumbList\",\"@id\":\"https:\/\/es.areas.com\/es\/noticias\/fabio-nunes-de-areas-iberia-proclamado-campeon-en-la-gran-final-de-areas-worldwide-challenge\/#breadcrumb\",\"itemListElement\":[{\"@type\":\"ListItem\",\"position\":1,\"name\":\"Home\",\"item\":\"https:\/\/es.areas.com\/es\/\"},{\"@type\":\"ListItem\",\"position\":2,\"name\":\"F\\u00e1bio Nunes de Areas Iberia, proclamado campe\\u00f3n en la Gran Final de Areas Worldwide Challenge\"}]},{\"@type\":\"Person\",\"@id\":\"https:\/\/es.areas.com\/es\/#\/schema\/person\/3c734b6f749eb9f68d7029477ece12bc\",\"name\":\"aledesma\",\"image\":{\"@type\":\"ImageObject\",\"@id\":\"https:\/\/es.areas.com\/es\/#personlogo\",\"inLanguage\":\"es\",\"url\":\"https:\/\/secure.gravatar.com\/avatar\/1a58dd5de2a81b879e9ed307ad150f73?s=96&d=mm&r=g\",\"contentUrl\":\"https:\/\/secure.gravatar.com\/avatar\/1a58dd5de2a81b879e9ed307ad150f73?s=96&d=mm&r=g\",\"caption\":\"aledesma\"}}]}<\/script>\n<!-- \/ Yoast SEO plugin. -->","yoast_head_json":{"title":"F\u00e1bio Nunes de Areas Iberia, proclamado campe\u00f3n en la Gran Final de Areas Worldwide Challenge - Areas | Spain","robots":{"index":"index","follow":"follow","max-snippet":"max-snippet:-1","max-image-preview":"max-image-preview:large","max-video-preview":"max-video-preview:-1"},"canonical":"https:\/\/es.areas.com\/es\/noticias\/fabio-nunes-de-areas-iberia-proclamado-campeon-en-la-gran-final-de-areas-worldwide-challenge\/","og_locale":"es_ES","og_type":"article","og_title":"F\u00e1bio Nunes de Areas Iberia, proclamado campe\u00f3n en la Gran Final de Areas Worldwide Challenge - Areas | Spain","og_description":"El 6 de febrero fue un d\u00eda para recordar en nuestra sede de Barcelona, donde celebramos la gran final de Areas Worldwide Challenge. Tras varios meses de ardua competici\u00f3n entre nuestros equipos de operaciones, todo culmin\u00f3 en un emocionante evento en el que los ganadores de cada pa\u00eds demostraron su talento y dedicaci\u00f3n para lograr[...]","og_url":"https:\/\/es.areas.com\/es\/noticias\/fabio-nunes-de-areas-iberia-proclamado-campeon-en-la-gran-final-de-areas-worldwide-challenge\/","og_site_name":"Areas | Spain","article_published_time":"2024-02-08T13:29:32+00:00","article_modified_time":"2024-02-16T13:35:02+00:00","og_image":[{"width":364,"height":339,"url":"https:\/\/es.areas.com\/wp-content\/uploads\/sites\/6\/2024\/02\/Imagen2.png","type":"image\/png"}],"twitter_card":"summary_large_image","twitter_creator":"@areas_ES","twitter_site":"@areas_ES","twitter_misc":{"Written by":"aledesma","Est. reading time":"2 minutos"},"schema":{"@context":"https:\/\/schema.org","@graph":[{"@type":"WebSite","@id":"https:\/\/es.areas.com\/es\/#website","url":"https:\/\/es.areas.com\/es\/","name":"Areas | Spain","description":"Just another Sites Areas  site","potentialAction":[{"@type":"SearchAction","target":{"@type":"EntryPoint","urlTemplate":"https:\/\/es.areas.com\/es\/?s={search_term_string}"},"query-input":"required name=search_term_string"}],"inLanguage":"es"},{"@type":"ImageObject","@id":"https:\/\/es.areas.com\/es\/noticias\/fabio-nunes-de-areas-iberia-proclamado-campeon-en-la-gran-final-de-areas-worldwide-challenge\/#primaryimage","inLanguage":"es","url":"https:\/\/es.areas.com\/wp-content\/uploads\/sites\/6\/2024\/02\/Imagen2.png","contentUrl":"https:\/\/es.areas.com\/wp-content\/uploads\/sites\/6\/2024\/02\/Imagen2.png","width":364,"height":339},{"@type":"WebPage","@id":"https:\/\/es.areas.com\/es\/noticias\/fabio-nunes-de-areas-iberia-proclamado-campeon-en-la-gran-final-de-areas-worldwide-challenge\/#webpage","url":"https:\/\/es.areas.com\/es\/noticias\/fabio-nunes-de-areas-iberia-proclamado-campeon-en-la-gran-final-de-areas-worldwide-challenge\/","name":"F\u00e1bio Nunes de Areas Iberia, proclamado campe\u00f3n en la Gran Final de Areas Worldwide Challenge - Areas | Spain","isPartOf":{"@id":"https:\/\/es.areas.com\/es\/#website"},"primaryImageOfPage":{"@id":"https:\/\/es.areas.com\/es\/noticias\/fabio-nunes-de-areas-iberia-proclamado-campeon-en-la-gran-final-de-areas-worldwide-challenge\/#primaryimage"},"datePublished":"2024-02-08T13:29:32+00:00","dateModified":"2024-02-16T13:35:02+00:00","author":{"@id":"https:\/\/es.areas.com\/es\/#\/schema\/person\/3c734b6f749eb9f68d7029477ece12bc"},"breadcrumb":{"@id":"https:\/\/es.areas.com\/es\/noticias\/fabio-nunes-de-areas-iberia-proclamado-campeon-en-la-gran-final-de-areas-worldwide-challenge\/#breadcrumb"},"inLanguage":"es","potentialAction":[{"@type":"ReadAction","target":["https:\/\/es.areas.com\/es\/noticias\/fabio-nunes-de-areas-iberia-proclamado-campeon-en-la-gran-final-de-areas-worldwide-challenge\/"]}]},{"@type":"BreadcrumbList","@id":"https:\/\/es.areas.com\/es\/noticias\/fabio-nunes-de-areas-iberia-proclamado-campeon-en-la-gran-final-de-areas-worldwide-challenge\/#breadcrumb","itemListElement":[{"@type":"ListItem","position":1,"name":"Home","item":"https:\/\/es.areas.com\/es\/"},{"@type":"ListItem","position":2,"name":"F\u00e1bio Nunes de Areas Iberia, proclamado campe\u00f3n en la Gran Final de Areas Worldwide Challenge"}]},{"@type":"Person","@id":"https:\/\/es.areas.com\/es\/#\/schema\/person\/3c734b6f749eb9f68d7029477ece12bc","name":"aledesma","image":{"@type":"ImageObject","@id":"https:\/\/es.areas.com\/es\/#personlogo","inLanguage":"es","url":"https:\/\/secure.gravatar.com\/avatar\/1a58dd5de2a81b879e9ed307ad150f73?s=96&d=mm&r=g","contentUrl":"https:\/\/secure.gravatar.com\/avatar\/1a58dd5de2a81b879e9ed307ad150f73?s=96&d=mm&r=g","caption":"aledesma"}}]}},"_links":{"self":[{"href":"https:\/\/es.areas.com\/es\/wp-json\/wp\/v2\/posts\/10782"}],"collection":[{"href":"https:\/\/es.areas.com\/es\/wp-json\/wp\/v2\/posts"}],"about":[{"href":"https:\/\/es.areas.com\/es\/wp-json\/wp\/v2\/types\/post"}],"author":[{"embeddable":true,"href":"https:\/\/es.areas.com\/es\/wp-json\/wp\/v2\/users\/43"}],"replies":[{"embeddable":true,"href":"https:\/\/es.areas.com\/es\/wp-json\/wp\/v2\/comments?post=10782"}],"version-history":[{"count":1,"href":"https:\/\/es.areas.com\/es\/wp-json\/wp\/v2\/posts\/10782\/revisions"}],"predecessor-version":[{"id":10786,"href":"https:\/\/es.areas.com\/es\/wp-json\/wp\/v2\/posts\/10782\/revisions\/10786"}],"wp:featuredmedia":[{"embeddable":true,"href":"https:\/\/es.areas.com\/es\/wp-json\/wp\/v2\/media\/10783"}],"wp:attachment":[{"href":"https:\/\/es.areas.com\/es\/wp-json\/wp\/v2\/media?parent=10782"}],"wp:term":[{"taxonomy":"category","embeddable":true,"href":"https:\/\/es.areas.com\/es\/wp-json\/wp\/v2\/categories?post=10782"},{"taxonomy":"post_tag","embeddable":true,"href":"https:\/\/es.areas.com\/es\/wp-json\/wp\/v2\/tags?post=10782"}],"curies":[{"name":"wp","href":"https:\/\/api.w.org\/{rel}","templated":true}]}}