{"id":10408,"date":"2023-09-13T12:59:09","date_gmt":"2023-09-13T10:59:09","guid":{"rendered":"https:\/\/es.areas.com\/?p=10408"},"modified":"2023-09-13T13:04:51","modified_gmt":"2023-09-13T11:04:51","slug":"areas-galardonada-en-los-premios-marcas-de-restauracion-en-la-categoria-sostenibilidad-producto","status":"publish","type":"post","link":"https:\/\/es.areas.com\/es\/noticias\/areas-galardonada-en-los-premios-marcas-de-restauracion-en-la-categoria-sostenibilidad-producto\/","title":{"rendered":"Areas galardonada en los premios marcas de restauraci\u00f3n en la categor\u00eda \u2018sostenibilidad-producto\u2019"},"content":{"rendered":"<p style=\"text-align: center\"><strong>El jurado ha destacado la nueva estrategia corporativa de sostenibilidad, \u2018Areas For Change\u2019<\/strong><\/p>\n<p>&nbsp;<\/p>\n<p><strong>Barcelona, 13 de septiembre de 2023<\/strong><\/p>\n<p style=\"text-align: justify\">La pasada noche se celebr\u00f3 en Madrid la entrega de premios de la VIII edici\u00f3n de los Premios Marcas de Restauraci\u00f3n, donde el jurado, formado por diferentes profesionales del sector, galardon\u00f3 a Areas en la categor\u00eda \u201csostenibilidad-producto\u201d por su estrategia de sostenibilidad corporativa, \u2018Areas For Change\u2019.<\/p>\n<p style=\"text-align: justify\">El camino de Areas hacia la sostenibilidad empez\u00f3 hace m\u00e1s de dos d\u00e9cadas. A lo largo de los a\u00f1os, la compa\u00f1\u00eda ha lanzado varios proyectos en materia de sostenibilidad y, recientemente, ha articulado una nueva estrategia corporativa de sostenibilidad, \u2018Areas for Change\u2019, que se basa en 3 pilares: las personas, el planeta y el futuro de la movilidad.<\/p>\n<p style=\"text-align: justify\">La estrategia de sostenibilidad de Areas ha sido galardonada en esta categor\u00eda por estar guiando a la compa\u00f1\u00eda hacia un futuro sostenible en diferentes \u00e1mbitos, entre los que el producto tiene un papel fundamental. As\u00ed, Areas, pone especial foco en la alimentaci\u00f3n saludable, la calidad de los productos que ofrece, la innovaci\u00f3n y desarrollo de una nueva oferta gastron\u00f3mica, el compromiso con la compra responsable, y la reducci\u00f3n del desperdicio alimentario de la mano de partners y proyectos como To Good to Go o Phenix.<\/p>\n<p style=\"text-align: justify\"><strong>\u00a0<\/strong><\/p>\n<p style=\"text-align: justify\"><strong>Premios Marcas de Restauraci\u00f3n<\/strong><\/p>\n<p style=\"text-align: justify\">Marcas de Restauraci\u00f3n es una asociaci\u00f3n que nace en 1996 con el fin de mejorar la competitividad de toda la cadena de valor en lo que a restauraci\u00f3n se refiere; compartiendo soluciones, est\u00e1ndares y conocimientos que la hagan m\u00e1s eficiente y sostenible y que otorguen mayor valor al consumidor.<\/p>\n<p style=\"text-align: justify\">Marcas de Restauraci\u00f3n celebra anualmente los Premios \u2018Marcas de Restauraci\u00f3n\u2019, cuyo objetivo es dar a conocer y galardonar las mejores pr\u00e1cticas y los casos de \u00e9xito de las cadenas de restauraci\u00f3n que operan a nivel nacional, as\u00ed como poner en valor a profesionales y empresas de una industria generadora de riqueza, modernidad e inspiraci\u00f3n.<\/p>\n<p style=\"text-align: justify\"><strong>\u00a0<\/strong><\/p>\n<p style=\"text-align: justify\"><strong>Sobre Areas <\/strong><\/p>\n<p style=\"text-align: justify\">L\u00edder internacional en Food&amp;Beverage y Travel Retail. Con presencia en 10 pa\u00edses, la compa\u00f1\u00eda gestiona m\u00e1s de 2.000 restaurantes y tiendas en Europa y Am\u00e9rica.<\/p>\n<p style=\"text-align: justify\">Con un equipo de 20.000 personas y presencia en los principales n\u00facleos de comunicaci\u00f3n de todo el mundo (aeropuertos, estaciones de tren, \u00e1reas de servicio en autopistas), as\u00ed como parques de ocio y recintos feriales, Areas da servicio a m\u00e1s de 350 millones de clientes cada a\u00f1o.<\/p>\n<p style=\"text-align: justify\">Fundada en 1968 en Barcelona, Areas naci\u00f3 con el compromiso de ofrecer servicios de alta calidad a los viajeros. Desde entonces, ha evolucionado hasta convertirse en un operador global de referencia en el sector, con un profundo conocimiento de las necesidades de los viajeros y de la m\u00e1s amplia gama de conceptos de restauraci\u00f3n del mercado.<\/p>\n<p><strong>\u00a0<\/strong><\/p>\n<p><strong>Contacto de prensa | Roman: <\/strong><\/p>\n<p>V\u00edctor Palacio: v.palacio@romanrm.com<\/p>\n<p>Carla Buj: c.buj@romanrm.com<\/p>\n<p>+34 677 782 370<\/p>\n","protected":false},"excerpt":{"rendered":"<p>El jurado ha destacado la nueva estrategia corporativa de sostenibilidad, \u2018Areas For Change\u2019 &nbsp; Barcelona, 13 de septiembre de 2023 La pasada noche se celebr\u00f3 en Madrid la entrega de premi","protected":false},"author":44,"featured_media":10410,"comment_status":"open","ping_status":"open","sticky":false,"template":"","format":"standard","meta":[],"categories":[1],"tags":[],"acf":[],"yoast_head":"<!-- This site is optimized with the Yoast SEO plugin v17.6 - https:\/\/yoast.com\/wordpress\/plugins\/seo\/ -->\n<title>Areas galardonada en los premios marcas de restauraci\u00f3n en la categor\u00eda \u2018sostenibilidad-producto\u2019 - Areas | Spain<\/title>\n<meta name=\"robots\" content=\"index, follow, max-snippet:-1, max-image-preview:large, max-video-preview:-1\" \/>\n<link rel=\"canonical\" href=\"https:\/\/es.areas.com\/es\/noticias\/areas-galardonada-en-los-premios-marcas-de-restauracion-en-la-categoria-sostenibilidad-producto\/\" \/>\n<meta property=\"og:locale\" content=\"es_ES\" \/>\n<meta property=\"og:type\" content=\"article\" \/>\n<meta property=\"og:title\" content=\"Areas galardonada en los premios marcas de restauraci\u00f3n en la categor\u00eda \u2018sostenibilidad-producto\u2019 - Areas | Spain\" \/>\n<meta property=\"og:description\" content=\"El jurado ha destacado la nueva estrategia corporativa de sostenibilidad, \u2018Areas For Change\u2019 &nbsp; Barcelona, 13 de septiembre de 2023 La pasada noche se celebr\u00f3 en Madrid la entrega de premios de la VIII edici\u00f3n de los Premios Marcas de Restauraci\u00f3n, donde el jurado, formado por diferentes profesionales del sector, galardon\u00f3 a Areas en la[...]\" \/>\n<meta property=\"og:url\" content=\"https:\/\/es.areas.com\/es\/noticias\/areas-galardonada-en-los-premios-marcas-de-restauracion-en-la-categoria-sostenibilidad-producto\/\" \/>\n<meta property=\"og:site_name\" content=\"Areas | Spain\" \/>\n<meta property=\"article:published_time\" content=\"2023-09-13T10:59:09+00:00\" \/>\n<meta property=\"article:modified_time\" content=\"2023-09-13T11:04:51+00:00\" \/>\n<meta property=\"og:image\" content=\"https:\/\/es.areas.com\/wp-content\/uploads\/sites\/6\/2023\/09\/Foto-de-familia-equipo-Areas.jpeg\" \/>\n\t<meta property=\"og:image:width\" content=\"1024\" \/>\n\t<meta property=\"og:image:height\" content=\"768\" \/>\n<meta name=\"twitter:card\" content=\"summary_large_image\" \/>\n<meta name=\"twitter:creator\" content=\"@areas_ES\" \/>\n<meta name=\"twitter:site\" content=\"@areas_ES\" \/>\n<meta name=\"twitter:label1\" content=\"Written by\" \/>\n\t<meta name=\"twitter:data1\" content=\"atruchado\" \/>\n\t<meta name=\"twitter:label2\" content=\"Est. reading time\" \/>\n\t<meta name=\"twitter:data2\" content=\"2 minutos\" \/>\n<script type=\"application\/ld+json\" class=\"yoast-schema-graph\">{\"@context\":\"https:\/\/schema.org\",\"@graph\":[{\"@type\":\"WebSite\",\"@id\":\"https:\/\/es.areas.com\/es\/#website\",\"url\":\"https:\/\/es.areas.com\/es\/\",\"name\":\"Areas | Spain\",\"description\":\"Just another Sites Areas  site\",\"potentialAction\":[{\"@type\":\"SearchAction\",\"target\":{\"@type\":\"EntryPoint\",\"urlTemplate\":\"https:\/\/es.areas.com\/es\/?s={search_term_string}\"},\"query-input\":\"required name=search_term_string\"}],\"inLanguage\":\"es\"},{\"@type\":\"ImageObject\",\"@id\":\"https:\/\/es.areas.com\/es\/noticias\/areas-galardonada-en-los-premios-marcas-de-restauracion-en-la-categoria-sostenibilidad-producto\/#primaryimage\",\"inLanguage\":\"es\",\"url\":\"https:\/\/es.areas.com\/wp-content\/uploads\/sites\/6\/2023\/09\/Foto-de-familia-equipo-Areas.jpeg\",\"contentUrl\":\"https:\/\/es.areas.com\/wp-content\/uploads\/sites\/6\/2023\/09\/Foto-de-familia-equipo-Areas.jpeg\",\"width\":1024,\"height\":768},{\"@type\":\"WebPage\",\"@id\":\"https:\/\/es.areas.com\/es\/noticias\/areas-galardonada-en-los-premios-marcas-de-restauracion-en-la-categoria-sostenibilidad-producto\/#webpage\",\"url\":\"https:\/\/es.areas.com\/es\/noticias\/areas-galardonada-en-los-premios-marcas-de-restauracion-en-la-categoria-sostenibilidad-producto\/\",\"name\":\"Areas galardonada en los premios marcas de restauraci\\u00f3n en la categor\\u00eda \\u2018sostenibilidad-producto\\u2019 - Areas | Spain\",\"isPartOf\":{\"@id\":\"https:\/\/es.areas.com\/es\/#website\"},\"primaryImageOfPage\":{\"@id\":\"https:\/\/es.areas.com\/es\/noticias\/areas-galardonada-en-los-premios-marcas-de-restauracion-en-la-categoria-sostenibilidad-producto\/#primaryimage\"},\"datePublished\":\"2023-09-13T10:59:09+00:00\",\"dateModified\":\"2023-09-13T11:04:51+00:00\",\"author\":{\"@id\":\"https:\/\/es.areas.com\/es\/#\/schema\/person\/597b24f9682a566da3131df56891369d\"},\"breadcrumb\":{\"@id\":\"https:\/\/es.areas.com\/es\/noticias\/areas-galardonada-en-los-premios-marcas-de-restauracion-en-la-categoria-sostenibilidad-producto\/#breadcrumb\"},\"inLanguage\":\"es\",\"potentialAction\":[{\"@type\":\"ReadAction\",\"target\":[\"https:\/\/es.areas.com\/es\/noticias\/areas-galardonada-en-los-premios-marcas-de-restauracion-en-la-categoria-sostenibilidad-producto\/\"]}]},{\"@type\":\"BreadcrumbList\",\"@id\":\"https:\/\/es.areas.com\/es\/noticias\/areas-galardonada-en-los-premios-marcas-de-restauracion-en-la-categoria-sostenibilidad-producto\/#breadcrumb\",\"itemListElement\":[{\"@type\":\"ListItem\",\"position\":1,\"name\":\"Home\",\"item\":\"https:\/\/es.areas.com\/es\/\"},{\"@type\":\"ListItem\",\"position\":2,\"name\":\"Areas galardonada en los premios marcas de restauraci\\u00f3n en la categor\\u00eda \\u2018sostenibilidad-producto\\u2019\"}]},{\"@type\":\"Person\",\"@id\":\"https:\/\/es.areas.com\/es\/#\/schema\/person\/597b24f9682a566da3131df56891369d\",\"name\":\"atruchado\",\"image\":{\"@type\":\"ImageObject\",\"@id\":\"https:\/\/es.areas.com\/es\/#personlogo\",\"inLanguage\":\"es\",\"url\":\"https:\/\/secure.gravatar.com\/avatar\/5dad0b11bb952dbadfa7b97ceadddfd1?s=96&d=mm&r=g\",\"contentUrl\":\"https:\/\/secure.gravatar.com\/avatar\/5dad0b11bb952dbadfa7b97ceadddfd1?s=96&d=mm&r=g\",\"caption\":\"atruchado\"}}]}<\/script>\n<!-- \/ Yoast SEO plugin. -->","yoast_head_json":{"title":"Areas galardonada en los premios marcas de restauraci\u00f3n en la categor\u00eda \u2018sostenibilidad-producto\u2019 - Areas | Spain","robots":{"index":"index","follow":"follow","max-snippet":"max-snippet:-1","max-image-preview":"max-image-preview:large","max-video-preview":"max-video-preview:-1"},"canonical":"https:\/\/es.areas.com\/es\/noticias\/areas-galardonada-en-los-premios-marcas-de-restauracion-en-la-categoria-sostenibilidad-producto\/","og_locale":"es_ES","og_type":"article","og_title":"Areas galardonada en los premios marcas de restauraci\u00f3n en la categor\u00eda \u2018sostenibilidad-producto\u2019 - Areas | Spain","og_description":"El jurado ha destacado la nueva estrategia corporativa de sostenibilidad, \u2018Areas For Change\u2019 &nbsp; Barcelona, 13 de septiembre de 2023 La pasada noche se celebr\u00f3 en Madrid la entrega de premios de la VIII edici\u00f3n de los Premios Marcas de Restauraci\u00f3n, donde el jurado, formado por diferentes profesionales del sector, galardon\u00f3 a Areas en la[...]","og_url":"https:\/\/es.areas.com\/es\/noticias\/areas-galardonada-en-los-premios-marcas-de-restauracion-en-la-categoria-sostenibilidad-producto\/","og_site_name":"Areas | Spain","article_published_time":"2023-09-13T10:59:09+00:00","article_modified_time":"2023-09-13T11:04:51+00:00","og_image":[{"width":1024,"height":768,"url":"https:\/\/es.areas.com\/wp-content\/uploads\/sites\/6\/2023\/09\/Foto-de-familia-equipo-Areas.jpeg","type":"image\/jpeg"}],"twitter_card":"summary_large_image","twitter_creator":"@areas_ES","twitter_site":"@areas_ES","twitter_misc":{"Written by":"atruchado","Est. reading time":"2 minutos"},"schema":{"@context":"https:\/\/schema.org","@graph":[{"@type":"WebSite","@id":"https:\/\/es.areas.com\/es\/#website","url":"https:\/\/es.areas.com\/es\/","name":"Areas | Spain","description":"Just another Sites Areas  site","potentialAction":[{"@type":"SearchAction","target":{"@type":"EntryPoint","urlTemplate":"https:\/\/es.areas.com\/es\/?s={search_term_string}"},"query-input":"required name=search_term_string"}],"inLanguage":"es"},{"@type":"ImageObject","@id":"https:\/\/es.areas.com\/es\/noticias\/areas-galardonada-en-los-premios-marcas-de-restauracion-en-la-categoria-sostenibilidad-producto\/#primaryimage","inLanguage":"es","url":"https:\/\/es.areas.com\/wp-content\/uploads\/sites\/6\/2023\/09\/Foto-de-familia-equipo-Areas.jpeg","contentUrl":"https:\/\/es.areas.com\/wp-content\/uploads\/sites\/6\/2023\/09\/Foto-de-familia-equipo-Areas.jpeg","width":1024,"height":768},{"@type":"WebPage","@id":"https:\/\/es.areas.com\/es\/noticias\/areas-galardonada-en-los-premios-marcas-de-restauracion-en-la-categoria-sostenibilidad-producto\/#webpage","url":"https:\/\/es.areas.com\/es\/noticias\/areas-galardonada-en-los-premios-marcas-de-restauracion-en-la-categoria-sostenibilidad-producto\/","name":"Areas galardonada en los premios marcas de restauraci\u00f3n en la categor\u00eda \u2018sostenibilidad-producto\u2019 - Areas | Spain","isPartOf":{"@id":"https:\/\/es.areas.com\/es\/#website"},"primaryImageOfPage":{"@id":"https:\/\/es.areas.com\/es\/noticias\/areas-galardonada-en-los-premios-marcas-de-restauracion-en-la-categoria-sostenibilidad-producto\/#primaryimage"},"datePublished":"2023-09-13T10:59:09+00:00","dateModified":"2023-09-13T11:04:51+00:00","author":{"@id":"https:\/\/es.areas.com\/es\/#\/schema\/person\/597b24f9682a566da3131df56891369d"},"breadcrumb":{"@id":"https:\/\/es.areas.com\/es\/noticias\/areas-galardonada-en-los-premios-marcas-de-restauracion-en-la-categoria-sostenibilidad-producto\/#breadcrumb"},"inLanguage":"es","potentialAction":[{"@type":"ReadAction","target":["https:\/\/es.areas.com\/es\/noticias\/areas-galardonada-en-los-premios-marcas-de-restauracion-en-la-categoria-sostenibilidad-producto\/"]}]},{"@type":"BreadcrumbList","@id":"https:\/\/es.areas.com\/es\/noticias\/areas-galardonada-en-los-premios-marcas-de-restauracion-en-la-categoria-sostenibilidad-producto\/#breadcrumb","itemListElement":[{"@type":"ListItem","position":1,"name":"Home","item":"https:\/\/es.areas.com\/es\/"},{"@type":"ListItem","position":2,"name":"Areas galardonada en los premios marcas de restauraci\u00f3n en la categor\u00eda \u2018sostenibilidad-producto\u2019"}]},{"@type":"Person","@id":"https:\/\/es.areas.com\/es\/#\/schema\/person\/597b24f9682a566da3131df56891369d","name":"atruchado","image":{"@type":"ImageObject","@id":"https:\/\/es.areas.com\/es\/#personlogo","inLanguage":"es","url":"https:\/\/secure.gravatar.com\/avatar\/5dad0b11bb952dbadfa7b97ceadddfd1?s=96&d=mm&r=g","contentUrl":"https:\/\/secure.gravatar.com\/avatar\/5dad0b11bb952dbadfa7b97ceadddfd1?s=96&d=mm&r=g","caption":"atruchado"}}]}},"_links":{"self":[{"href":"https:\/\/es.areas.com\/es\/wp-json\/wp\/v2\/posts\/10408"}],"collection":[{"href":"https:\/\/es.areas.com\/es\/wp-json\/wp\/v2\/posts"}],"about":[{"href":"https:\/\/es.areas.com\/es\/wp-json\/wp\/v2\/types\/post"}],"author":[{"embeddable":true,"href":"https:\/\/es.areas.com\/es\/wp-json\/wp\/v2\/users\/44"}],"replies":[{"embeddable":true,"href":"https:\/\/es.areas.com\/es\/wp-json\/wp\/v2\/comments?post=10408"}],"version-history":[{"count":4,"href":"https:\/\/es.areas.com\/es\/wp-json\/wp\/v2\/posts\/10408\/revisions"}],"predecessor-version":[{"id":10415,"href":"https:\/\/es.areas.com\/es\/wp-json\/wp\/v2\/posts\/10408\/revisions\/10415"}],"wp:featuredmedia":[{"embeddable":true,"href":"https:\/\/es.areas.com\/es\/wp-json\/wp\/v2\/media\/10410"}],"wp:attachment":[{"href":"https:\/\/es.areas.com\/es\/wp-json\/wp\/v2\/media?parent=10408"}],"wp:term":[{"taxonomy":"category","embeddable":true,"href":"https:\/\/es.areas.com\/es\/wp-json\/wp\/v2\/categories?post=10408"},{"taxonomy":"post_tag","embeddable":true,"href":"https:\/\/es.areas.com\/es\/wp-json\/wp\/v2\/tags?post=10408"}],"curies":[{"name":"wp","href":"https:\/\/api.w.org\/{rel}","templated":true}]}}