{"id":3954,"date":"2015-10-21T13:39:29","date_gmt":"2015-10-21T13:39:29","guid":{"rendered":"es.areas.com\/areas-logra-el-galardon-al-mejor-concepto-en-los-hostelco-awards-con-la-marca-delicia\/"},"modified":"2019-10-24T14:44:24","modified_gmt":"2019-10-24T14:44:24","slug":"areas-logra-el-galardon-al-mejor-concepto-en-los-hostelco-awards-con-la-marca-delicia","status":"publish","type":"post","link":"https:\/\/es.areas.com\/ca\/noticies\/noticies-de-premsa\/areas-logra-el-galardon-al-mejor-concepto-en-los-hostelco-awards-con-la-marca-delicia\/","title":{"rendered":"\u00c1reas logra el galard\u00f3n al mejor concepto en los Hostelco Awards con la marca Deli&amp;Cia"},"content":{"rendered":"<p>&nbsp;<\/p>\n<p style=\"text-align: left\"><strong>Barcelona, 22<\/strong><strong>\u00a0de octubre de 2014<\/strong>.-\u00a0Deli&amp;Cia, marca propia desarrollada por \u00c1reas, empresa l\u00edder en Food &amp; Beverage y Travel Retail, ha resultado premiada en la tercera edici\u00f3n de los Hostelco Awards, galardones otorgados por Hostelco (Sal\u00f3n Internacional del Equipamiento para la Restauraci\u00f3n, Hoteler\u00eda y Colectividades) y Fira de Barcelona. La nueva l\u00ednea de cafeter\u00edas ha sido reconocida en el \u00e1mbito de la restauraci\u00f3n como mejor concepto, dada su alta dosis de innovaci\u00f3n y su adaptaci\u00f3n a la demanda internacional.<\/p>\n<p style=\"text-align: left\">Deli&amp;Cia es una marca joven nacida en 2013 que presenta oferta adaptada a un viajero con poco tiempo que no quiere renunciar a comer de manera saludable. Tras identificar el mejor cat\u00e1logo internacional de grab&amp;go, Deli&amp;Cia ha confeccionado una oferta protagonizada por snacks dulces y salados, una amplia variedad de bebidas entre las que figuran aguas vitaminadas, smoothies de frutas naturales, bebidas de Aloe y T\u00e9s Arizona. Su ambiente acogedor y fresco lo convierten en el establecimiento ideal para que todo tipo de viajeros carguen las pilas antes o despu\u00e9s de un vuelo. La marca cuenta con ocho establecimientos en los 3 principales aeropuertos de Espa\u00f1a \u00a0(Aeropuerto Adolfo Su\u00e1rez Madrid-Barajas, Aeropuerto de Barcelona &#8211; El Prat y Aeropuerto de Palma de Mallorca).<\/p>\n","protected":false},"excerpt":{"rendered":"<p>&nbsp; Barcelona, 22\u00a0de octubre de 2014.-\u00a0Deli&amp;Cia, marca propia desarrollada por \u00c1reas, empresa l\u00edder en Food &amp; Beverage y Travel Retail, ha resultado premiada en la tercera edici\u00f3n d","protected":false},"author":2,"featured_media":0,"comment_status":"open","ping_status":"open","sticky":false,"template":"","format":"standard","meta":[],"categories":[32,2,71],"tags":[],"acf":[],"yoast_head":"<!-- This site is optimized with the Yoast SEO plugin v17.6 - https:\/\/yoast.com\/wordpress\/plugins\/seo\/ -->\n<title>\u00c1reas logra el galard\u00f3n al mejor concepto en los Hostelco Awards con la marca Deli&amp;Cia - Areas | Spain<\/title>\n<meta name=\"robots\" content=\"index, follow, max-snippet:-1, max-image-preview:large, max-video-preview:-1\" \/>\n<link rel=\"canonical\" href=\"https:\/\/es.areas.com\/ca\/noticies\/noticies-de-premsa\/areas-logra-el-galardon-al-mejor-concepto-en-los-hostelco-awards-con-la-marca-delicia\/\" \/>\n<meta property=\"og:locale\" content=\"ca_ES\" \/>\n<meta property=\"og:type\" content=\"article\" \/>\n<meta property=\"og:title\" content=\"\u00c1reas logra el galard\u00f3n al mejor concepto en los Hostelco Awards con la marca Deli&amp;Cia - Areas | Spain\" \/>\n<meta property=\"og:description\" content=\"&nbsp; Barcelona, 22\u00a0de octubre de 2014.-\u00a0Deli&amp;Cia, marca propia desarrollada por \u00c1reas, empresa l\u00edder en Food &amp; Beverage y Travel Retail, ha resultado premiada en la tercera edici\u00f3n de los Hostelco Awards, galardones otorgados por Hostelco (Sal\u00f3n Internacional del Equipamiento para la Restauraci\u00f3n, Hoteler\u00eda y Colectividades) y Fira de Barcelona. La nueva l\u00ednea de cafeter\u00edas ha[...]\" \/>\n<meta property=\"og:url\" content=\"https:\/\/es.areas.com\/ca\/noticies\/noticies-de-premsa\/areas-logra-el-galardon-al-mejor-concepto-en-los-hostelco-awards-con-la-marca-delicia\/\" \/>\n<meta property=\"og:site_name\" content=\"Areas | Spain\" \/>\n<meta property=\"article:published_time\" content=\"2015-10-21T13:39:29+00:00\" \/>\n<meta property=\"article:modified_time\" content=\"2019-10-24T14:44:24+00:00\" \/>\n<meta name=\"twitter:card\" content=\"summary_large_image\" \/>\n<meta name=\"twitter:creator\" content=\"@areas_ES\" \/>\n<meta name=\"twitter:site\" content=\"@areas_ES\" \/>\n<meta name=\"twitter:label1\" content=\"Written by\" \/>\n\t<meta name=\"twitter:data1\" content=\"elvira\" \/>\n\t<meta name=\"twitter:label2\" content=\"Est. reading time\" \/>\n\t<meta name=\"twitter:data2\" content=\"1 minut\" \/>\n<script type=\"application\/ld+json\" class=\"yoast-schema-graph\">{\"@context\":\"https:\/\/schema.org\",\"@graph\":[{\"@type\":\"WebSite\",\"@id\":\"https:\/\/es.areas.com\/es\/#website\",\"url\":\"https:\/\/es.areas.com\/es\/\",\"name\":\"Areas | Spain\",\"description\":\"Just another Sites Areas  site\",\"potentialAction\":[{\"@type\":\"SearchAction\",\"target\":{\"@type\":\"EntryPoint\",\"urlTemplate\":\"https:\/\/es.areas.com\/es\/?s={search_term_string}\"},\"query-input\":\"required name=search_term_string\"}],\"inLanguage\":\"ca\"},{\"@type\":\"WebPage\",\"@id\":\"https:\/\/es.areas.com\/ca\/noticies\/noticies-de-premsa\/areas-logra-el-galardon-al-mejor-concepto-en-los-hostelco-awards-con-la-marca-delicia\/#webpage\",\"url\":\"https:\/\/es.areas.com\/ca\/noticies\/noticies-de-premsa\/areas-logra-el-galardon-al-mejor-concepto-en-los-hostelco-awards-con-la-marca-delicia\/\",\"name\":\"\\u00c1reas logra el galard\\u00f3n al mejor concepto en los Hostelco Awards con la marca Deli&amp;Cia - Areas | Spain\",\"isPartOf\":{\"@id\":\"https:\/\/es.areas.com\/es\/#website\"},\"datePublished\":\"2015-10-21T13:39:29+00:00\",\"dateModified\":\"2019-10-24T14:44:24+00:00\",\"author\":{\"@id\":\"https:\/\/es.areas.com\/es\/#\/schema\/person\/0cbf077cea064f4e05abf400e4dda034\"},\"breadcrumb\":{\"@id\":\"https:\/\/es.areas.com\/ca\/noticies\/noticies-de-premsa\/areas-logra-el-galardon-al-mejor-concepto-en-los-hostelco-awards-con-la-marca-delicia\/#breadcrumb\"},\"inLanguage\":\"ca\",\"potentialAction\":[{\"@type\":\"ReadAction\",\"target\":[\"https:\/\/es.areas.com\/ca\/noticies\/noticies-de-premsa\/areas-logra-el-galardon-al-mejor-concepto-en-los-hostelco-awards-con-la-marca-delicia\/\"]}]},{\"@type\":\"BreadcrumbList\",\"@id\":\"https:\/\/es.areas.com\/ca\/noticies\/noticies-de-premsa\/areas-logra-el-galardon-al-mejor-concepto-en-los-hostelco-awards-con-la-marca-delicia\/#breadcrumb\",\"itemListElement\":[{\"@type\":\"ListItem\",\"position\":1,\"name\":\"Home\",\"item\":\"https:\/\/es.areas.com\/ca\/\"},{\"@type\":\"ListItem\",\"position\":2,\"name\":\"\\u00c1reas logra el galard\\u00f3n al mejor concepto en los Hostelco Awards con la marca Deli&amp;Cia\"}]},{\"@type\":\"Person\",\"@id\":\"https:\/\/es.areas.com\/es\/#\/schema\/person\/0cbf077cea064f4e05abf400e4dda034\",\"name\":\"elvira\",\"image\":{\"@type\":\"ImageObject\",\"@id\":\"https:\/\/es.areas.com\/es\/#personlogo\",\"inLanguage\":\"ca\",\"url\":\"https:\/\/secure.gravatar.com\/avatar\/1854ef9d4426f20554a3469d778275b7?s=96&d=mm&r=g\",\"contentUrl\":\"https:\/\/secure.gravatar.com\/avatar\/1854ef9d4426f20554a3469d778275b7?s=96&d=mm&r=g\",\"caption\":\"elvira\"},\"sameAs\":[\"https:\/\/twitter.com\/areas_ES\"]}]}<\/script>\n<!-- \/ Yoast SEO plugin. -->","yoast_head_json":{"title":"\u00c1reas logra el galard\u00f3n al mejor concepto en los Hostelco Awards con la marca Deli&amp;Cia - Areas | Spain","robots":{"index":"index","follow":"follow","max-snippet":"max-snippet:-1","max-image-preview":"max-image-preview:large","max-video-preview":"max-video-preview:-1"},"canonical":"https:\/\/es.areas.com\/ca\/noticies\/noticies-de-premsa\/areas-logra-el-galardon-al-mejor-concepto-en-los-hostelco-awards-con-la-marca-delicia\/","og_locale":"ca_ES","og_type":"article","og_title":"\u00c1reas logra el galard\u00f3n al mejor concepto en los Hostelco Awards con la marca Deli&amp;Cia - Areas | Spain","og_description":"&nbsp; Barcelona, 22\u00a0de octubre de 2014.-\u00a0Deli&amp;Cia, marca propia desarrollada por \u00c1reas, empresa l\u00edder en Food &amp; Beverage y Travel Retail, ha resultado premiada en la tercera edici\u00f3n de los Hostelco Awards, galardones otorgados por Hostelco (Sal\u00f3n Internacional del Equipamiento para la Restauraci\u00f3n, Hoteler\u00eda y Colectividades) y Fira de Barcelona. La nueva l\u00ednea de cafeter\u00edas ha[...]","og_url":"https:\/\/es.areas.com\/ca\/noticies\/noticies-de-premsa\/areas-logra-el-galardon-al-mejor-concepto-en-los-hostelco-awards-con-la-marca-delicia\/","og_site_name":"Areas | Spain","article_published_time":"2015-10-21T13:39:29+00:00","article_modified_time":"2019-10-24T14:44:24+00:00","twitter_card":"summary_large_image","twitter_creator":"@areas_ES","twitter_site":"@areas_ES","twitter_misc":{"Written by":"elvira","Est. reading time":"1 minut"},"schema":{"@context":"https:\/\/schema.org","@graph":[{"@type":"WebSite","@id":"https:\/\/es.areas.com\/es\/#website","url":"https:\/\/es.areas.com\/es\/","name":"Areas | Spain","description":"Just another Sites Areas  site","potentialAction":[{"@type":"SearchAction","target":{"@type":"EntryPoint","urlTemplate":"https:\/\/es.areas.com\/es\/?s={search_term_string}"},"query-input":"required name=search_term_string"}],"inLanguage":"ca"},{"@type":"WebPage","@id":"https:\/\/es.areas.com\/ca\/noticies\/noticies-de-premsa\/areas-logra-el-galardon-al-mejor-concepto-en-los-hostelco-awards-con-la-marca-delicia\/#webpage","url":"https:\/\/es.areas.com\/ca\/noticies\/noticies-de-premsa\/areas-logra-el-galardon-al-mejor-concepto-en-los-hostelco-awards-con-la-marca-delicia\/","name":"\u00c1reas logra el galard\u00f3n al mejor concepto en los Hostelco Awards con la marca Deli&amp;Cia - Areas | Spain","isPartOf":{"@id":"https:\/\/es.areas.com\/es\/#website"},"datePublished":"2015-10-21T13:39:29+00:00","dateModified":"2019-10-24T14:44:24+00:00","author":{"@id":"https:\/\/es.areas.com\/es\/#\/schema\/person\/0cbf077cea064f4e05abf400e4dda034"},"breadcrumb":{"@id":"https:\/\/es.areas.com\/ca\/noticies\/noticies-de-premsa\/areas-logra-el-galardon-al-mejor-concepto-en-los-hostelco-awards-con-la-marca-delicia\/#breadcrumb"},"inLanguage":"ca","potentialAction":[{"@type":"ReadAction","target":["https:\/\/es.areas.com\/ca\/noticies\/noticies-de-premsa\/areas-logra-el-galardon-al-mejor-concepto-en-los-hostelco-awards-con-la-marca-delicia\/"]}]},{"@type":"BreadcrumbList","@id":"https:\/\/es.areas.com\/ca\/noticies\/noticies-de-premsa\/areas-logra-el-galardon-al-mejor-concepto-en-los-hostelco-awards-con-la-marca-delicia\/#breadcrumb","itemListElement":[{"@type":"ListItem","position":1,"name":"Home","item":"https:\/\/es.areas.com\/ca\/"},{"@type":"ListItem","position":2,"name":"\u00c1reas logra el galard\u00f3n al mejor concepto en los Hostelco Awards con la marca Deli&amp;Cia"}]},{"@type":"Person","@id":"https:\/\/es.areas.com\/es\/#\/schema\/person\/0cbf077cea064f4e05abf400e4dda034","name":"elvira","image":{"@type":"ImageObject","@id":"https:\/\/es.areas.com\/es\/#personlogo","inLanguage":"ca","url":"https:\/\/secure.gravatar.com\/avatar\/1854ef9d4426f20554a3469d778275b7?s=96&d=mm&r=g","contentUrl":"https:\/\/secure.gravatar.com\/avatar\/1854ef9d4426f20554a3469d778275b7?s=96&d=mm&r=g","caption":"elvira"},"sameAs":["https:\/\/twitter.com\/areas_ES"]}]}},"_links":{"self":[{"href":"https:\/\/es.areas.com\/ca\/wp-json\/wp\/v2\/posts\/3954"}],"collection":[{"href":"https:\/\/es.areas.com\/ca\/wp-json\/wp\/v2\/posts"}],"about":[{"href":"https:\/\/es.areas.com\/ca\/wp-json\/wp\/v2\/types\/post"}],"author":[{"embeddable":true,"href":"https:\/\/es.areas.com\/ca\/wp-json\/wp\/v2\/users\/2"}],"replies":[{"embeddable":true,"href":"https:\/\/es.areas.com\/ca\/wp-json\/wp\/v2\/comments?post=3954"}],"version-history":[{"count":0,"href":"https:\/\/es.areas.com\/ca\/wp-json\/wp\/v2\/posts\/3954\/revisions"}],"wp:attachment":[{"href":"https:\/\/es.areas.com\/ca\/wp-json\/wp\/v2\/media?parent=3954"}],"wp:term":[{"taxonomy":"category","embeddable":true,"href":"https:\/\/es.areas.com\/ca\/wp-json\/wp\/v2\/categories?post=3954"},{"taxonomy":"post_tag","embeddable":true,"href":"https:\/\/es.areas.com\/ca\/wp-json\/wp\/v2\/tags?post=3954"}],"curies":[{"name":"wp","href":"https:\/\/api.w.org\/{rel}","templated":true}]}}