{"id":3901,"date":"2015-08-31T08:25:42","date_gmt":"2015-08-31T08:25:42","guid":{"rendered":"es.areas.com\/elior-nombra-a-pedro-fontana-nuevo-director-general-mundial-de-elior-concessions\/"},"modified":"2019-10-24T14:45:04","modified_gmt":"2019-10-24T14:45:04","slug":"elior-nombra-pedro-fontana-nuevo-director-general-mundial-de-elior-concessions","status":"publish","type":"post","link":"https:\/\/es.areas.com\/ca\/noticies\/noticies-de-premsa\/elior-nombra-pedro-fontana-nuevo-director-general-mundial-de-elior-concessions\/","title":{"rendered":"Elior nombra a Pedro Fontana nuevo Director General mundial de Elior Concessions"},"content":{"rendered":"<p>&nbsp;<\/p>\n<p style=\"text-align: left\">Pedro Fontana, barcelon\u00e9s de 63 a\u00f1os, es licenciado en Ciencias Empresariales por ESADE y MBA por Harvard. Empez\u00f3 su carrera profesional en el sector bancario. Fue presidente de Banca Catalana de 1994 a 1999 y posteriormente director general en Catalunya del Banco Bilbao Vizcaya hasta 2009. Entre otros cargos, ha ocupado a lo largo de su carrera profesional la presidencia del C\u00edrculo de Econom\u00eda, del Consejo Social de la Universitat de Barcelona y del Patronato de ESADE. Fue consejero delegado de NH Hoteles y director general de Turisme de Barcelona, del COOB\u201992 y de Banca Mas Sard\u00e0.<\/p>\n<p style=\"text-align: left\">Pedro Fontana se une a \u00c1reas en 1998, en un principio como miembro del consejo de administraci\u00f3n para despu\u00e9s ocupar la vicepresidencia en 2001. En 2012 pasa a ser presidente ejecutivo de \u00c1reas.<\/p>\n<p style=\"text-align: left\">Pedro Fontana es miembro del comit\u00e9 ejecutivo del Grupo Elior y como nuevo director general mundial de Elior Concessions reporta directamente a Philippe Salle, presidente y director general del grupo. Su misi\u00f3n es definir una visi\u00f3n global de la actividad de concesiones para convertirla en l\u00edder y referente mundial a trav\u00e9s de un ambicioso programa internacional de desarrollo del negocio.<\/p>\n","protected":false},"excerpt":{"rendered":"<p>&nbsp; Pedro Fontana, barcelon\u00e9s de 63 a\u00f1os, es licenciado en Ciencias Empresariales por ESADE y MBA por Harvard. Empez\u00f3 su carrera profesional en el sector bancario. Fue presidente de Banca Cat","protected":false},"author":29,"featured_media":0,"comment_status":"open","ping_status":"open","sticky":false,"template":"","format":"standard","meta":[],"categories":[2,71,36],"tags":[],"acf":[],"yoast_head":"<!-- This site is optimized with the Yoast SEO plugin v17.6 - https:\/\/yoast.com\/wordpress\/plugins\/seo\/ -->\n<title>Elior nombra a Pedro Fontana nuevo Director General mundial de Elior Concessions - Areas | Spain<\/title>\n<meta name=\"robots\" content=\"index, follow, max-snippet:-1, max-image-preview:large, max-video-preview:-1\" \/>\n<link rel=\"canonical\" href=\"https:\/\/es.areas.com\/ca\/noticies\/noticies-de-premsa\/elior-nombra-pedro-fontana-nuevo-director-general-mundial-de-elior-concessions\/\" \/>\n<meta property=\"og:locale\" content=\"ca_ES\" \/>\n<meta property=\"og:type\" content=\"article\" \/>\n<meta property=\"og:title\" content=\"Elior nombra a Pedro Fontana nuevo Director General mundial de Elior Concessions - Areas | Spain\" \/>\n<meta property=\"og:description\" content=\"&nbsp; Pedro Fontana, barcelon\u00e9s de 63 a\u00f1os, es licenciado en Ciencias Empresariales por ESADE y MBA por Harvard. Empez\u00f3 su carrera profesional en el sector bancario. Fue presidente de Banca Catalana de 1994 a 1999 y posteriormente director general en Catalunya del Banco Bilbao Vizcaya hasta 2009. Entre otros cargos, ha ocupado a lo largo[...]\" \/>\n<meta property=\"og:url\" content=\"https:\/\/es.areas.com\/ca\/noticies\/noticies-de-premsa\/elior-nombra-pedro-fontana-nuevo-director-general-mundial-de-elior-concessions\/\" \/>\n<meta property=\"og:site_name\" content=\"Areas | Spain\" \/>\n<meta property=\"article:published_time\" content=\"2015-08-31T08:25:42+00:00\" \/>\n<meta property=\"article:modified_time\" content=\"2019-10-24T14:45:04+00:00\" \/>\n<meta name=\"twitter:card\" content=\"summary_large_image\" \/>\n<meta name=\"twitter:creator\" content=\"@areas_ES\" \/>\n<meta name=\"twitter:site\" content=\"@areas_ES\" \/>\n<meta name=\"twitter:label1\" content=\"Written by\" \/>\n\t<meta name=\"twitter:data1\" content=\"Basetis\" \/>\n\t<meta name=\"twitter:label2\" content=\"Est. reading time\" \/>\n\t<meta name=\"twitter:data2\" content=\"1 minut\" \/>\n<script type=\"application\/ld+json\" class=\"yoast-schema-graph\">{\"@context\":\"https:\/\/schema.org\",\"@graph\":[{\"@type\":\"WebSite\",\"@id\":\"https:\/\/es.areas.com\/es\/#website\",\"url\":\"https:\/\/es.areas.com\/es\/\",\"name\":\"Areas | Spain\",\"description\":\"Just another Sites Areas  site\",\"potentialAction\":[{\"@type\":\"SearchAction\",\"target\":{\"@type\":\"EntryPoint\",\"urlTemplate\":\"https:\/\/es.areas.com\/es\/?s={search_term_string}\"},\"query-input\":\"required name=search_term_string\"}],\"inLanguage\":\"ca\"},{\"@type\":\"WebPage\",\"@id\":\"https:\/\/es.areas.com\/ca\/noticies\/noticies-de-premsa\/elior-nombra-pedro-fontana-nuevo-director-general-mundial-de-elior-concessions\/#webpage\",\"url\":\"https:\/\/es.areas.com\/ca\/noticies\/noticies-de-premsa\/elior-nombra-pedro-fontana-nuevo-director-general-mundial-de-elior-concessions\/\",\"name\":\"Elior nombra a Pedro Fontana nuevo Director General mundial de Elior Concessions - Areas | Spain\",\"isPartOf\":{\"@id\":\"https:\/\/es.areas.com\/es\/#website\"},\"datePublished\":\"2015-08-31T08:25:42+00:00\",\"dateModified\":\"2019-10-24T14:45:04+00:00\",\"author\":{\"@id\":\"https:\/\/es.areas.com\/es\/#\/schema\/person\/753cff4320fb8a1c84e70e0b11e9fe86\"},\"breadcrumb\":{\"@id\":\"https:\/\/es.areas.com\/ca\/noticies\/noticies-de-premsa\/elior-nombra-pedro-fontana-nuevo-director-general-mundial-de-elior-concessions\/#breadcrumb\"},\"inLanguage\":\"ca\",\"potentialAction\":[{\"@type\":\"ReadAction\",\"target\":[\"https:\/\/es.areas.com\/ca\/noticies\/noticies-de-premsa\/elior-nombra-pedro-fontana-nuevo-director-general-mundial-de-elior-concessions\/\"]}]},{\"@type\":\"BreadcrumbList\",\"@id\":\"https:\/\/es.areas.com\/ca\/noticies\/noticies-de-premsa\/elior-nombra-pedro-fontana-nuevo-director-general-mundial-de-elior-concessions\/#breadcrumb\",\"itemListElement\":[{\"@type\":\"ListItem\",\"position\":1,\"name\":\"Home\",\"item\":\"https:\/\/es.areas.com\/ca\/\"},{\"@type\":\"ListItem\",\"position\":2,\"name\":\"Elior nombra a Pedro Fontana nuevo Director General mundial de Elior Concessions\"}]},{\"@type\":\"Person\",\"@id\":\"https:\/\/es.areas.com\/es\/#\/schema\/person\/753cff4320fb8a1c84e70e0b11e9fe86\",\"name\":\"Basetis\",\"image\":{\"@type\":\"ImageObject\",\"@id\":\"https:\/\/es.areas.com\/es\/#personlogo\",\"inLanguage\":\"ca\",\"url\":\"https:\/\/secure.gravatar.com\/avatar\/a191f906c170111b0fb5f2dba6463103?s=96&d=mm&r=g\",\"contentUrl\":\"https:\/\/secure.gravatar.com\/avatar\/a191f906c170111b0fb5f2dba6463103?s=96&d=mm&r=g\",\"caption\":\"Basetis\"}}]}<\/script>\n<!-- \/ Yoast SEO plugin. -->","yoast_head_json":{"title":"Elior nombra a Pedro Fontana nuevo Director General mundial de Elior Concessions - Areas | Spain","robots":{"index":"index","follow":"follow","max-snippet":"max-snippet:-1","max-image-preview":"max-image-preview:large","max-video-preview":"max-video-preview:-1"},"canonical":"https:\/\/es.areas.com\/ca\/noticies\/noticies-de-premsa\/elior-nombra-pedro-fontana-nuevo-director-general-mundial-de-elior-concessions\/","og_locale":"ca_ES","og_type":"article","og_title":"Elior nombra a Pedro Fontana nuevo Director General mundial de Elior Concessions - Areas | Spain","og_description":"&nbsp; Pedro Fontana, barcelon\u00e9s de 63 a\u00f1os, es licenciado en Ciencias Empresariales por ESADE y MBA por Harvard. Empez\u00f3 su carrera profesional en el sector bancario. Fue presidente de Banca Catalana de 1994 a 1999 y posteriormente director general en Catalunya del Banco Bilbao Vizcaya hasta 2009. Entre otros cargos, ha ocupado a lo largo[...]","og_url":"https:\/\/es.areas.com\/ca\/noticies\/noticies-de-premsa\/elior-nombra-pedro-fontana-nuevo-director-general-mundial-de-elior-concessions\/","og_site_name":"Areas | Spain","article_published_time":"2015-08-31T08:25:42+00:00","article_modified_time":"2019-10-24T14:45:04+00:00","twitter_card":"summary_large_image","twitter_creator":"@areas_ES","twitter_site":"@areas_ES","twitter_misc":{"Written by":"Basetis","Est. reading time":"1 minut"},"schema":{"@context":"https:\/\/schema.org","@graph":[{"@type":"WebSite","@id":"https:\/\/es.areas.com\/es\/#website","url":"https:\/\/es.areas.com\/es\/","name":"Areas | Spain","description":"Just another Sites Areas  site","potentialAction":[{"@type":"SearchAction","target":{"@type":"EntryPoint","urlTemplate":"https:\/\/es.areas.com\/es\/?s={search_term_string}"},"query-input":"required name=search_term_string"}],"inLanguage":"ca"},{"@type":"WebPage","@id":"https:\/\/es.areas.com\/ca\/noticies\/noticies-de-premsa\/elior-nombra-pedro-fontana-nuevo-director-general-mundial-de-elior-concessions\/#webpage","url":"https:\/\/es.areas.com\/ca\/noticies\/noticies-de-premsa\/elior-nombra-pedro-fontana-nuevo-director-general-mundial-de-elior-concessions\/","name":"Elior nombra a Pedro Fontana nuevo Director General mundial de Elior Concessions - Areas | Spain","isPartOf":{"@id":"https:\/\/es.areas.com\/es\/#website"},"datePublished":"2015-08-31T08:25:42+00:00","dateModified":"2019-10-24T14:45:04+00:00","author":{"@id":"https:\/\/es.areas.com\/es\/#\/schema\/person\/753cff4320fb8a1c84e70e0b11e9fe86"},"breadcrumb":{"@id":"https:\/\/es.areas.com\/ca\/noticies\/noticies-de-premsa\/elior-nombra-pedro-fontana-nuevo-director-general-mundial-de-elior-concessions\/#breadcrumb"},"inLanguage":"ca","potentialAction":[{"@type":"ReadAction","target":["https:\/\/es.areas.com\/ca\/noticies\/noticies-de-premsa\/elior-nombra-pedro-fontana-nuevo-director-general-mundial-de-elior-concessions\/"]}]},{"@type":"BreadcrumbList","@id":"https:\/\/es.areas.com\/ca\/noticies\/noticies-de-premsa\/elior-nombra-pedro-fontana-nuevo-director-general-mundial-de-elior-concessions\/#breadcrumb","itemListElement":[{"@type":"ListItem","position":1,"name":"Home","item":"https:\/\/es.areas.com\/ca\/"},{"@type":"ListItem","position":2,"name":"Elior nombra a Pedro Fontana nuevo Director General mundial de Elior Concessions"}]},{"@type":"Person","@id":"https:\/\/es.areas.com\/es\/#\/schema\/person\/753cff4320fb8a1c84e70e0b11e9fe86","name":"Basetis","image":{"@type":"ImageObject","@id":"https:\/\/es.areas.com\/es\/#personlogo","inLanguage":"ca","url":"https:\/\/secure.gravatar.com\/avatar\/a191f906c170111b0fb5f2dba6463103?s=96&d=mm&r=g","contentUrl":"https:\/\/secure.gravatar.com\/avatar\/a191f906c170111b0fb5f2dba6463103?s=96&d=mm&r=g","caption":"Basetis"}}]}},"_links":{"self":[{"href":"https:\/\/es.areas.com\/ca\/wp-json\/wp\/v2\/posts\/3901"}],"collection":[{"href":"https:\/\/es.areas.com\/ca\/wp-json\/wp\/v2\/posts"}],"about":[{"href":"https:\/\/es.areas.com\/ca\/wp-json\/wp\/v2\/types\/post"}],"author":[{"embeddable":true,"href":"https:\/\/es.areas.com\/ca\/wp-json\/wp\/v2\/users\/29"}],"replies":[{"embeddable":true,"href":"https:\/\/es.areas.com\/ca\/wp-json\/wp\/v2\/comments?post=3901"}],"version-history":[{"count":0,"href":"https:\/\/es.areas.com\/ca\/wp-json\/wp\/v2\/posts\/3901\/revisions"}],"wp:attachment":[{"href":"https:\/\/es.areas.com\/ca\/wp-json\/wp\/v2\/media?parent=3901"}],"wp:term":[{"taxonomy":"category","embeddable":true,"href":"https:\/\/es.areas.com\/ca\/wp-json\/wp\/v2\/categories?post=3901"},{"taxonomy":"post_tag","embeddable":true,"href":"https:\/\/es.areas.com\/ca\/wp-json\/wp\/v2\/tags?post=3901"}],"curies":[{"name":"wp","href":"https:\/\/api.w.org\/{rel}","templated":true}]}}