{"id":1297,"date":"2018-09-06T09:13:12","date_gmt":"2018-09-06T09:13:12","guid":{"rendered":"es.areas.com\/pasionpormitrabajo-la-campana-de-serunion-y-areas-espana-para-atraer-y-retener-talento\/"},"modified":"2019-10-23T08:23:53","modified_gmt":"2019-10-23T08:23:53","slug":"pasionpormitrabajo-la-campana-de-serunion-y-areas-espana-para-atraer-y","status":"publish","type":"post","link":"https:\/\/es.areas.com\/ca\/noticies\/noticies-de-premsa\/pasionpormitrabajo-la-campana-de-serunion-y-areas-espana-para-atraer-y\/","title":{"rendered":"#Pasi\u00f3nPorMiTrabajo, la campa\u00f1a de Serunion y Areas Espa\u00f1a para atraer y retener talento"},"content":{"rendered":"","protected":false},"excerpt":{"rendered":"","protected":false},"author":2,"featured_media":0,"comment_status":"open","ping_status":"open","sticky":false,"template":"","format":"standard","meta":[],"categories":[2,71,37],"tags":[],"acf":[],"yoast_head":"<!-- This site is optimized with the Yoast SEO plugin v17.6 - https:\/\/yoast.com\/wordpress\/plugins\/seo\/ -->\n<title>#Pasi\u00f3nPorMiTrabajo, la campa\u00f1a de Serunion y Areas Espa\u00f1a para atraer y retener talento - Areas | Spain<\/title>\n<meta name=\"robots\" content=\"index, follow, max-snippet:-1, max-image-preview:large, max-video-preview:-1\" \/>\n<link rel=\"canonical\" href=\"https:\/\/es.areas.com\/ca\/noticies\/noticies-de-premsa\/pasionpormitrabajo-la-campana-de-serunion-y-areas-espana-para-atraer-y\/\" \/>\n<meta property=\"og:locale\" content=\"ca_ES\" \/>\n<meta property=\"og:type\" content=\"article\" \/>\n<meta property=\"og:title\" content=\"#Pasi\u00f3nPorMiTrabajo, la campa\u00f1a de Serunion y Areas Espa\u00f1a para atraer y retener talento - Areas | Spain\" \/>\n<meta property=\"og:url\" content=\"https:\/\/es.areas.com\/ca\/noticies\/noticies-de-premsa\/pasionpormitrabajo-la-campana-de-serunion-y-areas-espana-para-atraer-y\/\" \/>\n<meta property=\"og:site_name\" content=\"Areas | Spain\" \/>\n<meta property=\"article:published_time\" content=\"2018-09-06T09:13:12+00:00\" \/>\n<meta property=\"article:modified_time\" content=\"2019-10-23T08:23:53+00:00\" \/>\n<meta name=\"twitter:card\" content=\"summary_large_image\" \/>\n<meta name=\"twitter:creator\" content=\"@areas_ES\" \/>\n<meta name=\"twitter:site\" content=\"@areas_ES\" \/>\n<meta name=\"twitter:label1\" content=\"Written by\" \/>\n\t<meta name=\"twitter:data1\" content=\"elvira\" \/>\n<script type=\"application\/ld+json\" class=\"yoast-schema-graph\">{\"@context\":\"https:\/\/schema.org\",\"@graph\":[{\"@type\":\"WebSite\",\"@id\":\"https:\/\/es.areas.com\/es\/#website\",\"url\":\"https:\/\/es.areas.com\/es\/\",\"name\":\"Areas | Spain\",\"description\":\"Just another Sites Areas  site\",\"potentialAction\":[{\"@type\":\"SearchAction\",\"target\":{\"@type\":\"EntryPoint\",\"urlTemplate\":\"https:\/\/es.areas.com\/es\/?s={search_term_string}\"},\"query-input\":\"required name=search_term_string\"}],\"inLanguage\":\"ca\"},{\"@type\":\"WebPage\",\"@id\":\"https:\/\/es.areas.com\/ca\/noticies\/noticies-de-premsa\/pasionpormitrabajo-la-campana-de-serunion-y-areas-espana-para-atraer-y\/#webpage\",\"url\":\"https:\/\/es.areas.com\/ca\/noticies\/noticies-de-premsa\/pasionpormitrabajo-la-campana-de-serunion-y-areas-espana-para-atraer-y\/\",\"name\":\"#Pasi\\u00f3nPorMiTrabajo, la campa\\u00f1a de Serunion y Areas Espa\\u00f1a para atraer y retener talento - Areas | Spain\",\"isPartOf\":{\"@id\":\"https:\/\/es.areas.com\/es\/#website\"},\"datePublished\":\"2018-09-06T09:13:12+00:00\",\"dateModified\":\"2019-10-23T08:23:53+00:00\",\"author\":{\"@id\":\"https:\/\/es.areas.com\/es\/#\/schema\/person\/0cbf077cea064f4e05abf400e4dda034\"},\"breadcrumb\":{\"@id\":\"https:\/\/es.areas.com\/ca\/noticies\/noticies-de-premsa\/pasionpormitrabajo-la-campana-de-serunion-y-areas-espana-para-atraer-y\/#breadcrumb\"},\"inLanguage\":\"ca\",\"potentialAction\":[{\"@type\":\"ReadAction\",\"target\":[\"https:\/\/es.areas.com\/ca\/noticies\/noticies-de-premsa\/pasionpormitrabajo-la-campana-de-serunion-y-areas-espana-para-atraer-y\/\"]}]},{\"@type\":\"BreadcrumbList\",\"@id\":\"https:\/\/es.areas.com\/ca\/noticies\/noticies-de-premsa\/pasionpormitrabajo-la-campana-de-serunion-y-areas-espana-para-atraer-y\/#breadcrumb\",\"itemListElement\":[{\"@type\":\"ListItem\",\"position\":1,\"name\":\"Home\",\"item\":\"https:\/\/es.areas.com\/ca\/\"},{\"@type\":\"ListItem\",\"position\":2,\"name\":\"#Pasi\\u00f3nPorMiTrabajo, la campa\\u00f1a de Serunion y Areas Espa\\u00f1a para atraer y retener talento\"}]},{\"@type\":\"Person\",\"@id\":\"https:\/\/es.areas.com\/es\/#\/schema\/person\/0cbf077cea064f4e05abf400e4dda034\",\"name\":\"elvira\",\"image\":{\"@type\":\"ImageObject\",\"@id\":\"https:\/\/es.areas.com\/es\/#personlogo\",\"inLanguage\":\"ca\",\"url\":\"https:\/\/secure.gravatar.com\/avatar\/1854ef9d4426f20554a3469d778275b7?s=96&d=mm&r=g\",\"contentUrl\":\"https:\/\/secure.gravatar.com\/avatar\/1854ef9d4426f20554a3469d778275b7?s=96&d=mm&r=g\",\"caption\":\"elvira\"},\"sameAs\":[\"https:\/\/twitter.com\/areas_ES\"]}]}<\/script>\n<!-- \/ Yoast SEO plugin. -->","yoast_head_json":{"title":"#Pasi\u00f3nPorMiTrabajo, la campa\u00f1a de Serunion y Areas Espa\u00f1a para atraer y retener talento - Areas | Spain","robots":{"index":"index","follow":"follow","max-snippet":"max-snippet:-1","max-image-preview":"max-image-preview:large","max-video-preview":"max-video-preview:-1"},"canonical":"https:\/\/es.areas.com\/ca\/noticies\/noticies-de-premsa\/pasionpormitrabajo-la-campana-de-serunion-y-areas-espana-para-atraer-y\/","og_locale":"ca_ES","og_type":"article","og_title":"#Pasi\u00f3nPorMiTrabajo, la campa\u00f1a de Serunion y Areas Espa\u00f1a para atraer y retener talento - Areas | Spain","og_url":"https:\/\/es.areas.com\/ca\/noticies\/noticies-de-premsa\/pasionpormitrabajo-la-campana-de-serunion-y-areas-espana-para-atraer-y\/","og_site_name":"Areas | Spain","article_published_time":"2018-09-06T09:13:12+00:00","article_modified_time":"2019-10-23T08:23:53+00:00","twitter_card":"summary_large_image","twitter_creator":"@areas_ES","twitter_site":"@areas_ES","twitter_misc":{"Written by":"elvira"},"schema":{"@context":"https:\/\/schema.org","@graph":[{"@type":"WebSite","@id":"https:\/\/es.areas.com\/es\/#website","url":"https:\/\/es.areas.com\/es\/","name":"Areas | Spain","description":"Just another Sites Areas  site","potentialAction":[{"@type":"SearchAction","target":{"@type":"EntryPoint","urlTemplate":"https:\/\/es.areas.com\/es\/?s={search_term_string}"},"query-input":"required name=search_term_string"}],"inLanguage":"ca"},{"@type":"WebPage","@id":"https:\/\/es.areas.com\/ca\/noticies\/noticies-de-premsa\/pasionpormitrabajo-la-campana-de-serunion-y-areas-espana-para-atraer-y\/#webpage","url":"https:\/\/es.areas.com\/ca\/noticies\/noticies-de-premsa\/pasionpormitrabajo-la-campana-de-serunion-y-areas-espana-para-atraer-y\/","name":"#Pasi\u00f3nPorMiTrabajo, la campa\u00f1a de Serunion y Areas Espa\u00f1a para atraer y retener talento - Areas | Spain","isPartOf":{"@id":"https:\/\/es.areas.com\/es\/#website"},"datePublished":"2018-09-06T09:13:12+00:00","dateModified":"2019-10-23T08:23:53+00:00","author":{"@id":"https:\/\/es.areas.com\/es\/#\/schema\/person\/0cbf077cea064f4e05abf400e4dda034"},"breadcrumb":{"@id":"https:\/\/es.areas.com\/ca\/noticies\/noticies-de-premsa\/pasionpormitrabajo-la-campana-de-serunion-y-areas-espana-para-atraer-y\/#breadcrumb"},"inLanguage":"ca","potentialAction":[{"@type":"ReadAction","target":["https:\/\/es.areas.com\/ca\/noticies\/noticies-de-premsa\/pasionpormitrabajo-la-campana-de-serunion-y-areas-espana-para-atraer-y\/"]}]},{"@type":"BreadcrumbList","@id":"https:\/\/es.areas.com\/ca\/noticies\/noticies-de-premsa\/pasionpormitrabajo-la-campana-de-serunion-y-areas-espana-para-atraer-y\/#breadcrumb","itemListElement":[{"@type":"ListItem","position":1,"name":"Home","item":"https:\/\/es.areas.com\/ca\/"},{"@type":"ListItem","position":2,"name":"#Pasi\u00f3nPorMiTrabajo, la campa\u00f1a de Serunion y Areas Espa\u00f1a para atraer y retener talento"}]},{"@type":"Person","@id":"https:\/\/es.areas.com\/es\/#\/schema\/person\/0cbf077cea064f4e05abf400e4dda034","name":"elvira","image":{"@type":"ImageObject","@id":"https:\/\/es.areas.com\/es\/#personlogo","inLanguage":"ca","url":"https:\/\/secure.gravatar.com\/avatar\/1854ef9d4426f20554a3469d778275b7?s=96&d=mm&r=g","contentUrl":"https:\/\/secure.gravatar.com\/avatar\/1854ef9d4426f20554a3469d778275b7?s=96&d=mm&r=g","caption":"elvira"},"sameAs":["https:\/\/twitter.com\/areas_ES"]}]}},"_links":{"self":[{"href":"https:\/\/es.areas.com\/ca\/wp-json\/wp\/v2\/posts\/1297"}],"collection":[{"href":"https:\/\/es.areas.com\/ca\/wp-json\/wp\/v2\/posts"}],"about":[{"href":"https:\/\/es.areas.com\/ca\/wp-json\/wp\/v2\/types\/post"}],"author":[{"embeddable":true,"href":"https:\/\/es.areas.com\/ca\/wp-json\/wp\/v2\/users\/2"}],"replies":[{"embeddable":true,"href":"https:\/\/es.areas.com\/ca\/wp-json\/wp\/v2\/comments?post=1297"}],"version-history":[{"count":0,"href":"https:\/\/es.areas.com\/ca\/wp-json\/wp\/v2\/posts\/1297\/revisions"}],"wp:attachment":[{"href":"https:\/\/es.areas.com\/ca\/wp-json\/wp\/v2\/media?parent=1297"}],"wp:term":[{"taxonomy":"category","embeddable":true,"href":"https:\/\/es.areas.com\/ca\/wp-json\/wp\/v2\/categories?post=1297"},{"taxonomy":"post_tag","embeddable":true,"href":"https:\/\/es.areas.com\/ca\/wp-json\/wp\/v2\/tags?post=1297"}],"curies":[{"name":"wp","href":"https:\/\/api.w.org\/{rel}","templated":true}]}}